{"id":41190,"date":"2024-02-12T13:10:56","date_gmt":"2024-02-12T18:10:56","guid":{"rendered":"https:\/\/al-anon.org\/?p=41190"},"modified":"2024-02-13T10:32:59","modified_gmt":"2024-02-13T15:32:59","slug":"reunion-zonale-europeenne-de-2023","status":"publish","type":"post","link":"https:\/\/al-anon.org\/fr\/blog\/reunion-zonale-europeenne-de-2023\/","title":{"rendered":"R\u00e9union zonale europ\u00e9enne de 2023"},"content":{"rendered":"<div class=\"fusion-fullwidth fullwidth-box fusion-builder-row-1 nonhundred-percent-fullwidth non-hundred-percent-height-scrolling\" style=\"--awb-border-radius-top-left:0px;--awb-border-radius-top-right:0px;--awb-border-radius-bottom-right:0px;--awb-border-radius-bottom-left:0px;--awb-padding-top:20px;--awb-padding-bottom:20px;--awb-flex-wrap:wrap;\" ><div class=\"fusion-builder-row fusion-row\"><div class=\"fusion-layout-column fusion_builder_column fusion-builder-column-0 fusion_builder_column_1_6 1_6 fusion-one-sixth fusion-column-first\" style=\"--awb-bg-size:cover;width:16.666666666667%;width:calc(16.666666666667% - ( ( 4% + 4% ) * 0.16666666666667 ) );margin-right: 4%;\"><div class=\"fusion-column-wrapper fusion-flex-column-wrapper-legacy\"><div class=\"fusion-clearfix\"><\/div><\/div><\/div><div class=\"fusion-layout-column fusion_builder_column fusion-builder-column-1 fusion_builder_column_2_3 2_3 fusion-two-third\" style=\"--awb-bg-size:cover;width:66.666666666667%;width:calc(66.666666666667% - ( ( 4% + 4% ) * 0.66666666666667 ) );margin-right: 4%;\"><div class=\"fusion-column-wrapper fusion-flex-column-wrapper-legacy\"><div class=\"fusion-text fusion-text-1\"><p>La dixi\u00e8me R\u00e9union zonale europ\u00e9enne s\u2019est tenue \u00e0 Paris, en France, du 1<sup>er<\/sup> au 3 septembre 2023, et a \u00e9t\u00e9 organis\u00e9e par le Bureau des services g\u00e9n\u00e9raux (BSG) d\u2019Al\u2011Anon en France. Avec une personne en formation, trois membres du personnel du Bureau des Services Mondiaux ont rejoint 28 D\u00e9l\u00e9gu\u00e9s internationaux repr\u00e9sentant 18 structures europ\u00e9ennes pour un weekend de service et de collaboration.<\/p>\n<p>La mission de R\u00e9union zonale europ\u00e9enne est d\u2019am\u00e9liorer la coop\u00e9ration entre les structures europ\u00e9ennes afin de soutenir la croissance d\u2019Al\u2011Anon et d\u2019Alateen en Europe. Les D\u00e9l\u00e9gu\u00e9s peuvent repr\u00e9senter une structure de service (BSG) nationale, une structure de service en \u00e9volution ou des groupes sans structure de service. La R\u00e9union zonale europ\u00e9enne se r\u00e9unit tous les deux ans et le th\u00e8me de l&rsquo;ann\u00e9e 2023 \u00e9tait \u00ab\u00a0La d\u00e9claration d\u2019Al\u2011Anon\u00a0\u00bb.<\/p>\n<p>Les pr\u00e9sentations comprenaient les sujets suivants\u00a0: \u201cService:\u00a0Encouraging Engagement and Rotation\u201d (Le service\u00a0: encourager l\u2019engagement et la rotation) par des membres de Slov\u00e9nie; \u201cPublic Outreach: Your Social Media Experience\u201d (Communications avec le public\u00a0:\u00a0votre exp\u00e9rience de m\u00e9dias sociaux\u201d par le D\u00e9l\u00e9gu\u00e9 du Royaume-Uni et d\u2019Irlande, et \u201cRegrowing Al\u2011Anon Post-Pandemic\u201d (R\u00e9g\u00e9n\u00e9ration d\u2019Al-Anon apr\u00e8s la pand\u00e9mie) pr\u00e9sent\u00e9e par des membres de la Finlande. Sarah S., directrice des programmes, a fait une pr\u00e9sentation sur le projet de faisabilit\u00e9 Alateen, et Vali F., directrice g\u00e9n\u00e9rale, et Tanya J., directrice adjointe \u2013 International, ont fait \u00e9quipe pour pr\u00e9senter les mises \u00e0 jour du BSM. La prochaine R\u00e9union zonale europ\u00e9enne sera accueillie par la structure Al\u2011Anon en Italie en 2025.<\/p>\n<p style=\"text-align: right;\"><em>The Forum<\/em>, f\u00e9vrier 2024<\/p>\n<p><strong>\u00ab\u00a0Au c\u0153ur des Groupes Familiaux Al-Anon\u00a0\u00bb pr\u00e9sente des nouvelles, des politiques et des commentaires venant des b\u00e9n\u00e9voles, des membres du personnel et des lecteurs qui partagent leur exp\u00e9rience dans le service. Cet article peut \u00eatre reproduit sur votre site Web ou dans votre bulletin de nouvelles en pr\u00e9cisant\u00a0: Permission accord\u00e9e par la revue <em>The Forum<\/em>, Al\u2011Anon Family Group Headquarters, Inc., Virginia Beach, VA.\u00a0<\/strong><\/p>\n<\/div><div class=\"fusion-button-wrapper fusion-aligncenter\"><a class=\"fusion-button button-flat fusion-button-default-size button-default fusion-button-default button-1 fusion-button-span-no fusion-button-default-type\" target=\"_self\" href=\"https:\/\/al-anon.org\/fr\/pour-les-membres\/international\/\"><span class=\"fusion-button-text awb-button__text awb-button__text--default\">Pour en savoir plus sur Al-Anon \u00e0 travers le monde<\/span><\/a><\/div><div class=\"fusion-clearfix\"><\/div><\/div><\/div><div class=\"fusion-layout-column fusion_builder_column fusion-builder-column-2 fusion_builder_column_1_6 1_6 fusion-one-sixth fusion-column-last\" style=\"--awb-bg-size:cover;width:16.666666666667%;width:calc(16.666666666667% - ( ( 4% + 4% ) * 0.16666666666667 ) );\"><div class=\"fusion-column-wrapper fusion-flex-column-wrapper-legacy\"><div class=\"fusion-clearfix\"><\/div><\/div><\/div><\/div><\/div>\n","protected":false},"excerpt":{"rendered":"","protected":false},"author":37,"featured_media":0,"comment_status":"open","ping_status":"open","sticky":false,"template":"","format":"standard","meta":{"footnotes":""},"categories":[300,347],"tags":[],"class_list":["post-41190","post","type-post","status-publish","format-standard","hentry","category-annonces","category-le-lien"],"yoast_head":"<!-- This site is optimized with the Yoast SEO plugin v27.5 - https:\/\/yoast.com\/product\/yoast-seo-wordpress\/ -->\n<title>R\u00e9union zonale europ\u00e9enne de 2023 - Al-Anon Family Groups<\/title>\n<meta name=\"robots\" content=\"index, follow, max-snippet:-1, max-image-preview:large, max-video-preview:-1\" \/>\n<link rel=\"canonical\" href=\"https:\/\/al-anon.org\/fr\/blog\/reunion-zonale-europeenne-de-2023\/\" \/>\n<meta property=\"og:locale\" content=\"fr_FR\" \/>\n<meta property=\"og:type\" content=\"article\" \/>\n<meta property=\"og:title\" content=\"R\u00e9union zonale europ\u00e9enne de 2023 - Al-Anon Family Groups\" \/>\n<meta property=\"og:url\" content=\"https:\/\/al-anon.org\/fr\/blog\/reunion-zonale-europeenne-de-2023\/\" \/>\n<meta property=\"og:site_name\" content=\"Al-Anon Family Groups\" \/>\n<meta property=\"article:publisher\" content=\"http:\/\/www.facebook.com\/AlAnonFamilyGroupsWSO\" \/>\n<meta property=\"article:published_time\" content=\"2024-02-12T18:10:56+00:00\" \/>\n<meta property=\"article:modified_time\" content=\"2024-02-13T15:32:59+00:00\" \/>\n<meta name=\"author\" content=\"Al-Anon\" \/>\n<meta name=\"twitter:card\" content=\"summary_large_image\" \/>\n<meta name=\"twitter:creator\" content=\"@AlAnon_WSO\" \/>\n<meta name=\"twitter:site\" content=\"@AlAnon_WSO\" \/>\n<meta name=\"twitter:label1\" content=\"\u00c9crit par\" \/>\n\t<meta name=\"twitter:data1\" content=\"Al-Anon\" \/>\n\t<meta name=\"twitter:label2\" content=\"Dur\u00e9e de lecture estim\u00e9e\" \/>\n\t<meta name=\"twitter:data2\" content=\"2 minutes\" \/>\n<script type=\"application\/ld+json\" class=\"yoast-schema-graph\">{\"@context\":\"https:\\\/\\\/schema.org\",\"@graph\":[{\"@type\":\"Article\",\"@id\":\"https:\\\/\\\/al-anon.org\\\/fr\\\/blog\\\/reunion-zonale-europeenne-de-2023\\\/#article\",\"isPartOf\":{\"@id\":\"https:\\\/\\\/al-anon.org\\\/fr\\\/blog\\\/reunion-zonale-europeenne-de-2023\\\/\"},\"author\":{\"name\":\"Al-Anon\",\"@id\":\"https:\\\/\\\/al-anon.org\\\/fr\\\/#\\\/schema\\\/person\\\/556f5441ef0e37c892829d4ae1622876\"},\"headline\":\"R\u00e9union zonale europ\u00e9enne de 2023\",\"datePublished\":\"2024-02-12T18:10:56+00:00\",\"dateModified\":\"2024-02-13T15:32:59+00:00\",\"mainEntityOfPage\":{\"@id\":\"https:\\\/\\\/al-anon.org\\\/fr\\\/blog\\\/reunion-zonale-europeenne-de-2023\\\/\"},\"wordCount\":953,\"commentCount\":0,\"publisher\":{\"@id\":\"https:\\\/\\\/al-anon.org\\\/fr\\\/#organization\"},\"articleSection\":[\"Annonces\",\"Le lien\"],\"inLanguage\":\"fr-FR\",\"potentialAction\":[{\"@type\":\"CommentAction\",\"name\":\"Comment\",\"target\":[\"https:\\\/\\\/al-anon.org\\\/fr\\\/blog\\\/reunion-zonale-europeenne-de-2023\\\/#respond\"]}]},{\"@type\":\"WebPage\",\"@id\":\"https:\\\/\\\/al-anon.org\\\/fr\\\/blog\\\/reunion-zonale-europeenne-de-2023\\\/\",\"url\":\"https:\\\/\\\/al-anon.org\\\/fr\\\/blog\\\/reunion-zonale-europeenne-de-2023\\\/\",\"name\":\"R\u00e9union zonale europ\u00e9enne de 2023 - Al-Anon Family Groups\",\"isPartOf\":{\"@id\":\"https:\\\/\\\/al-anon.org\\\/fr\\\/#website\"},\"datePublished\":\"2024-02-12T18:10:56+00:00\",\"dateModified\":\"2024-02-13T15:32:59+00:00\",\"inLanguage\":\"fr-FR\",\"potentialAction\":[{\"@type\":\"ReadAction\",\"target\":[\"https:\\\/\\\/al-anon.org\\\/fr\\\/blog\\\/reunion-zonale-europeenne-de-2023\\\/\"]}]},{\"@type\":\"WebSite\",\"@id\":\"https:\\\/\\\/al-anon.org\\\/fr\\\/#website\",\"url\":\"https:\\\/\\\/al-anon.org\\\/fr\\\/\",\"name\":\"Al-Anon Family Groups\",\"description\":\"Help and hope for families and friends of alcoholics\",\"publisher\":{\"@id\":\"https:\\\/\\\/al-anon.org\\\/fr\\\/#organization\"},\"potentialAction\":[{\"@type\":\"SearchAction\",\"target\":{\"@type\":\"EntryPoint\",\"urlTemplate\":\"https:\\\/\\\/al-anon.org\\\/fr\\\/?s={search_term_string}\"},\"query-input\":{\"@type\":\"PropertyValueSpecification\",\"valueRequired\":true,\"valueName\":\"search_term_string\"}}],\"inLanguage\":\"fr-FR\"},{\"@type\":\"Organization\",\"@id\":\"https:\\\/\\\/al-anon.org\\\/fr\\\/#organization\",\"name\":\"Al-Anon Family Group Headquarters, Inc.\",\"url\":\"https:\\\/\\\/al-anon.org\\\/fr\\\/\",\"logo\":{\"@type\":\"ImageObject\",\"inLanguage\":\"fr-FR\",\"@id\":\"https:\\\/\\\/al-anon.org\\\/fr\\\/#\\\/schema\\\/logo\\\/image\\\/\",\"url\":\"https:\\\/\\\/al-anon.org\\\/wp-content\\\/uploads\\\/2017\\\/04\\\/AFGlogo-e1492189694634.jpg\",\"contentUrl\":\"https:\\\/\\\/al-anon.org\\\/wp-content\\\/uploads\\\/2017\\\/04\\\/AFGlogo-e1492189694634.jpg\",\"width\":167,\"height\":50,\"caption\":\"Al-Anon Family Group Headquarters, Inc.\"},\"image\":{\"@id\":\"https:\\\/\\\/al-anon.org\\\/fr\\\/#\\\/schema\\\/logo\\\/image\\\/\"},\"sameAs\":[\"http:\\\/\\\/www.facebook.com\\\/AlAnonFamilyGroupsWSO\",\"https:\\\/\\\/x.com\\\/AlAnon_WSO\",\"http:\\\/\\\/www.instagram.com\\\/alanon_wso\",\"https:\\\/\\\/www.linkedin.com\\\/company\\\/al-anon-wso\\\/\",\"https:\\\/\\\/www.youtube.com\\\/user\\\/AlAnonFamilyGroupHQ\\\/\"]},{\"@type\":\"Person\",\"@id\":\"https:\\\/\\\/al-anon.org\\\/fr\\\/#\\\/schema\\\/person\\\/556f5441ef0e37c892829d4ae1622876\",\"name\":\"Al-Anon\"}]}<\/script>\n<!-- \/ Yoast SEO plugin. -->","yoast_head_json":{"title":"R\u00e9union zonale europ\u00e9enne de 2023 - Al-Anon Family Groups","robots":{"index":"index","follow":"follow","max-snippet":"max-snippet:-1","max-image-preview":"max-image-preview:large","max-video-preview":"max-video-preview:-1"},"canonical":"https:\/\/al-anon.org\/fr\/blog\/reunion-zonale-europeenne-de-2023\/","og_locale":"fr_FR","og_type":"article","og_title":"R\u00e9union zonale europ\u00e9enne de 2023 - Al-Anon Family Groups","og_url":"https:\/\/al-anon.org\/fr\/blog\/reunion-zonale-europeenne-de-2023\/","og_site_name":"Al-Anon Family Groups","article_publisher":"http:\/\/www.facebook.com\/AlAnonFamilyGroupsWSO","article_published_time":"2024-02-12T18:10:56+00:00","article_modified_time":"2024-02-13T15:32:59+00:00","author":"Al-Anon","twitter_card":"summary_large_image","twitter_creator":"@AlAnon_WSO","twitter_site":"@AlAnon_WSO","twitter_misc":{"\u00c9crit par":"Al-Anon","Dur\u00e9e de lecture estim\u00e9e":"2 minutes"},"schema":{"@context":"https:\/\/schema.org","@graph":[{"@type":"Article","@id":"https:\/\/al-anon.org\/fr\/blog\/reunion-zonale-europeenne-de-2023\/#article","isPartOf":{"@id":"https:\/\/al-anon.org\/fr\/blog\/reunion-zonale-europeenne-de-2023\/"},"author":{"name":"Al-Anon","@id":"https:\/\/al-anon.org\/fr\/#\/schema\/person\/556f5441ef0e37c892829d4ae1622876"},"headline":"R\u00e9union zonale europ\u00e9enne de 2023","datePublished":"2024-02-12T18:10:56+00:00","dateModified":"2024-02-13T15:32:59+00:00","mainEntityOfPage":{"@id":"https:\/\/al-anon.org\/fr\/blog\/reunion-zonale-europeenne-de-2023\/"},"wordCount":953,"commentCount":0,"publisher":{"@id":"https:\/\/al-anon.org\/fr\/#organization"},"articleSection":["Annonces","Le lien"],"inLanguage":"fr-FR","potentialAction":[{"@type":"CommentAction","name":"Comment","target":["https:\/\/al-anon.org\/fr\/blog\/reunion-zonale-europeenne-de-2023\/#respond"]}]},{"@type":"WebPage","@id":"https:\/\/al-anon.org\/fr\/blog\/reunion-zonale-europeenne-de-2023\/","url":"https:\/\/al-anon.org\/fr\/blog\/reunion-zonale-europeenne-de-2023\/","name":"R\u00e9union zonale europ\u00e9enne de 2023 - Al-Anon Family Groups","isPartOf":{"@id":"https:\/\/al-anon.org\/fr\/#website"},"datePublished":"2024-02-12T18:10:56+00:00","dateModified":"2024-02-13T15:32:59+00:00","inLanguage":"fr-FR","potentialAction":[{"@type":"ReadAction","target":["https:\/\/al-anon.org\/fr\/blog\/reunion-zonale-europeenne-de-2023\/"]}]},{"@type":"WebSite","@id":"https:\/\/al-anon.org\/fr\/#website","url":"https:\/\/al-anon.org\/fr\/","name":"Al-Anon Family Groups","description":"Help and hope for families and friends of alcoholics","publisher":{"@id":"https:\/\/al-anon.org\/fr\/#organization"},"potentialAction":[{"@type":"SearchAction","target":{"@type":"EntryPoint","urlTemplate":"https:\/\/al-anon.org\/fr\/?s={search_term_string}"},"query-input":{"@type":"PropertyValueSpecification","valueRequired":true,"valueName":"search_term_string"}}],"inLanguage":"fr-FR"},{"@type":"Organization","@id":"https:\/\/al-anon.org\/fr\/#organization","name":"Al-Anon Family Group Headquarters, Inc.","url":"https:\/\/al-anon.org\/fr\/","logo":{"@type":"ImageObject","inLanguage":"fr-FR","@id":"https:\/\/al-anon.org\/fr\/#\/schema\/logo\/image\/","url":"https:\/\/al-anon.org\/wp-content\/uploads\/2017\/04\/AFGlogo-e1492189694634.jpg","contentUrl":"https:\/\/al-anon.org\/wp-content\/uploads\/2017\/04\/AFGlogo-e1492189694634.jpg","width":167,"height":50,"caption":"Al-Anon Family Group Headquarters, Inc."},"image":{"@id":"https:\/\/al-anon.org\/fr\/#\/schema\/logo\/image\/"},"sameAs":["http:\/\/www.facebook.com\/AlAnonFamilyGroupsWSO","https:\/\/x.com\/AlAnon_WSO","http:\/\/www.instagram.com\/alanon_wso","https:\/\/www.linkedin.com\/company\/al-anon-wso\/","https:\/\/www.youtube.com\/user\/AlAnonFamilyGroupHQ\/"]},{"@type":"Person","@id":"https:\/\/al-anon.org\/fr\/#\/schema\/person\/556f5441ef0e37c892829d4ae1622876","name":"Al-Anon"}]}},"_links":{"self":[{"href":"https:\/\/al-anon.org\/fr\/wp-json\/wp\/v2\/posts\/41190","targetHints":{"allow":["GET"]}}],"collection":[{"href":"https:\/\/al-anon.org\/fr\/wp-json\/wp\/v2\/posts"}],"about":[{"href":"https:\/\/al-anon.org\/fr\/wp-json\/wp\/v2\/types\/post"}],"author":[{"embeddable":true,"href":"https:\/\/al-anon.org\/fr\/wp-json\/wp\/v2\/users\/37"}],"replies":[{"embeddable":true,"href":"https:\/\/al-anon.org\/fr\/wp-json\/wp\/v2\/comments?post=41190"}],"version-history":[{"count":5,"href":"https:\/\/al-anon.org\/fr\/wp-json\/wp\/v2\/posts\/41190\/revisions"}],"predecessor-version":[{"id":41208,"href":"https:\/\/al-anon.org\/fr\/wp-json\/wp\/v2\/posts\/41190\/revisions\/41208"}],"wp:attachment":[{"href":"https:\/\/al-anon.org\/fr\/wp-json\/wp\/v2\/media?parent=41190"}],"wp:term":[{"taxonomy":"category","embeddable":true,"href":"https:\/\/al-anon.org\/fr\/wp-json\/wp\/v2\/categories?post=41190"},{"taxonomy":"post_tag","embeddable":true,"href":"https:\/\/al-anon.org\/fr\/wp-json\/wp\/v2\/tags?post=41190"}],"curies":[{"name":"wp","href":"https:\/\/api.w.org\/{rel}","templated":true}]}}