{"id":4276,"date":"2017-04-20T09:03:26","date_gmt":"2017-04-20T13:03:26","guid":{"rendered":"http:\/\/al-anon.idevdesign.net\/?p=4276\/"},"modified":"2017-07-27T11:34:29","modified_gmt":"2017-07-27T15:34:29","slug":"hombre-llega-comprender-la-violencia-de-su-padre","status":"publish","type":"post","link":"https:\/\/al-anon.org\/es\/blog\/hombre-llega-comprender-la-violencia-de-su-padre\/","title":{"rendered":"Hombre llega a comprender la violencia de su padre"},"content":{"rendered":"<div class=\"fusion-fullwidth fullwidth-box fusion-builder-row-1 nonhundred-percent-fullwidth non-hundred-percent-height-scrolling\" style=\"--awb-border-radius-top-left:0px;--awb-border-radius-top-right:0px;--awb-border-radius-bottom-right:0px;--awb-border-radius-bottom-left:0px;--awb-padding-top:20px;--awb-padding-bottom:20px;--awb-flex-wrap:wrap;\" ><div class=\"fusion-builder-row fusion-row\"><div class=\"fusion-layout-column fusion_builder_column fusion-builder-column-0 fusion_builder_column_1_6 1_6 fusion-one-sixth fusion-column-first\" style=\"--awb-bg-size:cover;width:16.666666666667%;width:calc(16.666666666667% - ( ( 4% + 4% ) * 0.16666666666667 ) );margin-right: 4%;\"><div class=\"fusion-column-wrapper fusion-flex-column-wrapper-legacy\"><div class=\"fusion-clearfix\"><\/div><\/div><\/div><div class=\"fusion-layout-column fusion_builder_column fusion-builder-column-1 fusion_builder_column_2_3 2_3 fusion-two-third\" style=\"--awb-bg-size:cover;width:66.666666666667%;width:calc(66.666666666667% - ( ( 4% + 4% ) * 0.66666666666667 ) );margin-right: 4%;\"><div class=\"fusion-column-wrapper fusion-flex-column-wrapper-legacy\"><div class=\"fusion-text fusion-text-1\"><p>Mi pap\u00e1 pasaba ebrio la mayor parte del tiempo. \u00c9l era un hombre muy abusivo, f\u00edsica y mentalmente. Mi madre no beb\u00eda mucho, pero se desquitaba de todas sus frustraciones conmigo. Yo siempre estaba metido en alg\u00fan problema. Las reglas en nuestra casa cambiaban todos los d\u00edas \u2015en ocasiones cambiaban muchas veces al d\u00eda\u2015; por lo tanto, yo estaba siempre metido en problemas por algo. Despu\u00e9s de que mi mam\u00e1 me daba una paliza, mi pap\u00e1 me daba otra m\u00e1s fuerte.<\/p>\n<p>Estando en una edad muy joven me di cuenta de que era tonto, insignificante y responsable de cuanta persona y cuanta cosa me rodeaban. Deb\u00eda hacer lo que me dec\u00edan sin hacer preguntas. Era peligroso expresar mis emociones. Olvidar cualquiera de estas cosas podr\u00eda haber sido fatal. Pap\u00e1 intent\u00f3 matarme en algunas ocasiones.<\/p>\n<p>Sobreviv\u00ed la ni\u00f1ez e incorpor\u00e9 en mi vida adulta lo que sab\u00eda. Escog\u00ed amigos y parejas que me trataban de la misma forma que me trataban en mi familia. Para m\u00ed eso era normal. Est\u00e1 por dem\u00e1s decir que ninguna de las relaciones dur\u00f3, y me ech\u00e9 la culpa de todo eso.<\/p>\n<p>Hab\u00eda vivido con una mujer durante casi veinte a\u00f1os cuando termin\u00e9 la relaci\u00f3n. La vida con ella al principio era buena. Luego las cosas empezaron a marchar con insensatez y siguieron marchando m\u00e1s insensatamente. En un par de ocasiones me amenaz\u00f3 con dispararme. Finalmente encontr\u00e9 el valor de decirle que ya no quer\u00eda estar m\u00e1s con ella.<\/p>\n<p>Estaba solo y mi vida todav\u00eda era insensata. Me sent\u00eda tan agobiado por la culpa que ya no quer\u00eda vivir m\u00e1s. Estuve a punto de quitarme la vida cuando record\u00e9 algo que hab\u00eda escuchado en Al-Anon y c\u00f3mo eso me pod\u00eda ayudar. Pens\u00e9 que pod\u00eda llamarlos y ver qu\u00e9 ten\u00edan que decir. Si no me gustaba, siempre pod\u00eda regresar y terminar lo que iba a hacer.<\/p>\n<p>Entr\u00e9 a la casa, localic\u00e9 el n\u00famero e hice la llamada. Me contest\u00f3 una m\u00e1quina \u2015alguien me llamar\u00eda a la mayor brevedad posible\u2015.<\/p>\n<p>Me esper\u00e9 diez d\u00edas hasta que recib\u00ed la llamada. No me fui al cobertizo porque ten\u00eda miedo de lo que pudiera hacer. Despu\u00e9s de todo, la cuerda todav\u00eda estaba all\u00ed y lista para usarla.<\/p>\n<p>Finalmente, alguien me llam\u00f3. Me dijo que hab\u00eda una reuni\u00f3n esa noche y que si quer\u00eda, me llevaba all\u00ed. Le dije que ir\u00eda. Me qued\u00e9 sentado en la reuni\u00f3n, muerto de miedo. Escuch\u00e9 a cada persona compartir los secretos de mi familia. No sab\u00eda c\u00f3mo era que sab\u00edan, simplemente lo sab\u00edan. Supe que era el lugar donde deb\u00eda estar. Segu\u00ed viniendo.<\/p>\n<p>No compart\u00eda, simplemente estuve sentado all\u00ed durante los pr\u00f3ximos seis meses. Todav\u00eda no pod\u00eda creer que supieran mis secretos, pero saber que ya no estaba solo \u2015que otras personas se sent\u00edan igual que yo\u2015 me hizo sentirme mejor. Con el tiempo empec\u00e9 a hablar un poco. Estaba creciendo en el programa.<\/p>\n<p>Empec\u00e9 a mostrar m\u00e1s inter\u00e9s en el grupo \u2015acomodar, hacer caf\u00e9, coordinar reuniones y as\u00ed sucesivamente\u2015. Necesitaba m\u00e1s, as\u00ed que comenc\u00e9 a ir a otra reuni\u00f3n y a participar en ella. El distrito quer\u00eda iniciar un grupo de Alateen y necesitaba Padrinos. De inmediato supe que quer\u00eda hacerlo. Sab\u00eda lo bueno que eso me hubiera hecho si hubiera podido obtener ayuda cuando era adolescente, por lo que me convert\u00ed en Padrino de Alateen.<\/p>\n<p>Unos meses m\u00e1s tarde, mi grupo me pregunt\u00f3 si quer\u00eda ocupar el cargo de Representante de Grupo. No pensaba que fuera lo suficientemente bueno para el cargo, pero los miembros me aseguraron que s\u00ed lo era y que me iban a ayudar. Asum\u00ed el cargo, comenc\u00e9 a asistir a las reuniones de distrito, particip\u00e9 con el Comit\u00e9 de Seminario de Servicio Regional y asist\u00ed a mi primera Asamblea. Fue totalmente impresionante.<\/p>\n<p>En mi segunda Asamblea, estaba vacante el cargo de editor de boletines. Gracias al est\u00edmulo de mi Poder Superior y algunos maravillosos miembros de Al-Anon, asum\u00ed el cargo.<\/p>\n<p>La vida ha sido dif\u00edcil desde que llegu\u00e9 a Al-Anon, pero nunca la cambiar\u00eda por la vida que ten\u00eda antes. Tengo un Poder Superior que me ama y me gu\u00eda, verdaderos amigos que se preocupan por m\u00ed y un maravilloso programa con el cual vivir. Hoy tengo paz, serenidad y cordura dentro de m\u00ed. \u00bfQu\u00e9 m\u00e1s puedo pedir?<\/p>\n<p style=\"text-align: right;\"><em>Por Mervin Y., Saskatchewan, Canad\u00e1<\/em><\/p>\n<\/div><div class=\"fusion-clearfix\"><\/div><\/div><\/div><div class=\"fusion-layout-column fusion_builder_column fusion-builder-column-2 fusion_builder_column_1_6 1_6 fusion-one-sixth fusion-column-last\" style=\"--awb-bg-size:cover;width:16.666666666667%;width:calc(16.666666666667% - ( ( 4% + 4% ) * 0.16666666666667 ) );\"><div class=\"fusion-column-wrapper fusion-flex-column-wrapper-legacy\"><div class=\"fusion-clearfix\"><\/div><\/div><\/div><\/div><\/div>\n","protected":false},"excerpt":{"rendered":"","protected":false},"author":14,"featured_media":0,"comment_status":"open","ping_status":"open","sticky":false,"template":"","format":"standard","meta":{"footnotes":""},"categories":[209,213],"tags":[],"class_list":["post-4276","post","type-post","status-publish","format-standard","hentry","category-para-conyuges-y-parejas-alcoholicos","category-para-padres-alcoholicos"],"yoast_head":"<!-- This site is optimized with the Yoast SEO plugin v27.5 - https:\/\/yoast.com\/product\/yoast-seo-wordpress\/ -->\n<title>Hombre llega a comprender la violencia de su padre - Al-Anon Family Groups<\/title>\n<meta name=\"robots\" content=\"index, follow, max-snippet:-1, max-image-preview:large, max-video-preview:-1\" \/>\n<link rel=\"canonical\" href=\"https:\/\/al-anon.org\/es\/blog\/hombre-llega-comprender-la-violencia-de-su-padre\/\" \/>\n<meta property=\"og:locale\" content=\"es_ES\" \/>\n<meta property=\"og:type\" content=\"article\" \/>\n<meta property=\"og:title\" content=\"Hombre llega a comprender la violencia de su padre - Al-Anon Family Groups\" \/>\n<meta property=\"og:url\" content=\"https:\/\/al-anon.org\/es\/blog\/hombre-llega-comprender-la-violencia-de-su-padre\/\" \/>\n<meta property=\"og:site_name\" content=\"Al-Anon Family Groups\" \/>\n<meta property=\"article:publisher\" content=\"http:\/\/www.facebook.com\/AlAnonFamilyGroupsWSO\" \/>\n<meta property=\"article:published_time\" content=\"2017-04-20T13:03:26+00:00\" \/>\n<meta property=\"article:modified_time\" content=\"2017-07-27T15:34:29+00:00\" \/>\n<meta name=\"author\" content=\"Al-Anon\" \/>\n<meta name=\"twitter:card\" content=\"summary_large_image\" \/>\n<meta name=\"twitter:creator\" content=\"@AlAnon_WSO\" \/>\n<meta name=\"twitter:site\" content=\"@AlAnon_WSO\" \/>\n<meta name=\"twitter:label1\" content=\"Escrito por\" \/>\n\t<meta name=\"twitter:data1\" content=\"Al-Anon\" \/>\n\t<meta name=\"twitter:label2\" content=\"Tiempo de lectura\" \/>\n\t<meta name=\"twitter:data2\" content=\"5 minutos\" \/>\n<script type=\"application\/ld+json\" class=\"yoast-schema-graph\">{\"@context\":\"https:\\\/\\\/schema.org\",\"@graph\":[{\"@type\":\"Article\",\"@id\":\"https:\\\/\\\/al-anon.org\\\/es\\\/blog\\\/hombre-llega-comprender-la-violencia-de-su-padre\\\/#article\",\"isPartOf\":{\"@id\":\"https:\\\/\\\/al-anon.org\\\/es\\\/blog\\\/hombre-llega-comprender-la-violencia-de-su-padre\\\/\"},\"author\":{\"name\":\"Al-Anon\",\"@id\":\"https:\\\/\\\/al-anon.org\\\/es\\\/#\\\/schema\\\/person\\\/f040ec23ff8effd64eba4fafc3c637b2\"},\"headline\":\"Hombre llega a comprender la violencia de su padre\",\"datePublished\":\"2017-04-20T13:03:26+00:00\",\"dateModified\":\"2017-07-27T15:34:29+00:00\",\"mainEntityOfPage\":{\"@id\":\"https:\\\/\\\/al-anon.org\\\/es\\\/blog\\\/hombre-llega-comprender-la-violencia-de-su-padre\\\/\"},\"wordCount\":1039,\"commentCount\":0,\"publisher\":{\"@id\":\"https:\\\/\\\/al-anon.org\\\/es\\\/#organization\"},\"articleSection\":[\"Para c\u00f3nyuges y parejas alcoh\u00f3licos\",\"Para padres alcoh\u00f3licos\"],\"inLanguage\":\"es\",\"potentialAction\":[{\"@type\":\"CommentAction\",\"name\":\"Comment\",\"target\":[\"https:\\\/\\\/al-anon.org\\\/es\\\/blog\\\/hombre-llega-comprender-la-violencia-de-su-padre\\\/#respond\"]}]},{\"@type\":\"WebPage\",\"@id\":\"https:\\\/\\\/al-anon.org\\\/es\\\/blog\\\/hombre-llega-comprender-la-violencia-de-su-padre\\\/\",\"url\":\"https:\\\/\\\/al-anon.org\\\/es\\\/blog\\\/hombre-llega-comprender-la-violencia-de-su-padre\\\/\",\"name\":\"Hombre llega a comprender la violencia de su padre - Al-Anon Family Groups\",\"isPartOf\":{\"@id\":\"https:\\\/\\\/al-anon.org\\\/es\\\/#website\"},\"datePublished\":\"2017-04-20T13:03:26+00:00\",\"dateModified\":\"2017-07-27T15:34:29+00:00\",\"inLanguage\":\"es\",\"potentialAction\":[{\"@type\":\"ReadAction\",\"target\":[\"https:\\\/\\\/al-anon.org\\\/es\\\/blog\\\/hombre-llega-comprender-la-violencia-de-su-padre\\\/\"]}]},{\"@type\":\"WebSite\",\"@id\":\"https:\\\/\\\/al-anon.org\\\/es\\\/#website\",\"url\":\"https:\\\/\\\/al-anon.org\\\/es\\\/\",\"name\":\"Al-Anon Family Groups\",\"description\":\"Help and hope for families and friends of alcoholics\",\"publisher\":{\"@id\":\"https:\\\/\\\/al-anon.org\\\/es\\\/#organization\"},\"potentialAction\":[{\"@type\":\"SearchAction\",\"target\":{\"@type\":\"EntryPoint\",\"urlTemplate\":\"https:\\\/\\\/al-anon.org\\\/es\\\/?s={search_term_string}\"},\"query-input\":{\"@type\":\"PropertyValueSpecification\",\"valueRequired\":true,\"valueName\":\"search_term_string\"}}],\"inLanguage\":\"es\"},{\"@type\":\"Organization\",\"@id\":\"https:\\\/\\\/al-anon.org\\\/es\\\/#organization\",\"name\":\"Al-Anon Family Group Headquarters, Inc.\",\"url\":\"https:\\\/\\\/al-anon.org\\\/es\\\/\",\"logo\":{\"@type\":\"ImageObject\",\"inLanguage\":\"es\",\"@id\":\"https:\\\/\\\/al-anon.org\\\/es\\\/#\\\/schema\\\/logo\\\/image\\\/\",\"url\":\"https:\\\/\\\/al-anon.org\\\/wp-content\\\/uploads\\\/2017\\\/04\\\/AFGlogo-e1492189694634.jpg\",\"contentUrl\":\"https:\\\/\\\/al-anon.org\\\/wp-content\\\/uploads\\\/2017\\\/04\\\/AFGlogo-e1492189694634.jpg\",\"width\":167,\"height\":50,\"caption\":\"Al-Anon Family Group Headquarters, Inc.\"},\"image\":{\"@id\":\"https:\\\/\\\/al-anon.org\\\/es\\\/#\\\/schema\\\/logo\\\/image\\\/\"},\"sameAs\":[\"http:\\\/\\\/www.facebook.com\\\/AlAnonFamilyGroupsWSO\",\"https:\\\/\\\/x.com\\\/AlAnon_WSO\",\"http:\\\/\\\/www.instagram.com\\\/alanon_wso\",\"https:\\\/\\\/www.linkedin.com\\\/company\\\/al-anon-wso\\\/\",\"https:\\\/\\\/www.youtube.com\\\/user\\\/AlAnonFamilyGroupHQ\\\/\"]},{\"@type\":\"Person\",\"@id\":\"https:\\\/\\\/al-anon.org\\\/es\\\/#\\\/schema\\\/person\\\/f040ec23ff8effd64eba4fafc3c637b2\",\"name\":\"Al-Anon\"}]}<\/script>\n<!-- \/ Yoast SEO plugin. -->","yoast_head_json":{"title":"Hombre llega a comprender la violencia de su padre - Al-Anon Family Groups","robots":{"index":"index","follow":"follow","max-snippet":"max-snippet:-1","max-image-preview":"max-image-preview:large","max-video-preview":"max-video-preview:-1"},"canonical":"https:\/\/al-anon.org\/es\/blog\/hombre-llega-comprender-la-violencia-de-su-padre\/","og_locale":"es_ES","og_type":"article","og_title":"Hombre llega a comprender la violencia de su padre - Al-Anon Family Groups","og_url":"https:\/\/al-anon.org\/es\/blog\/hombre-llega-comprender-la-violencia-de-su-padre\/","og_site_name":"Al-Anon Family Groups","article_publisher":"http:\/\/www.facebook.com\/AlAnonFamilyGroupsWSO","article_published_time":"2017-04-20T13:03:26+00:00","article_modified_time":"2017-07-27T15:34:29+00:00","author":"Al-Anon","twitter_card":"summary_large_image","twitter_creator":"@AlAnon_WSO","twitter_site":"@AlAnon_WSO","twitter_misc":{"Escrito por":"Al-Anon","Tiempo de lectura":"5 minutos"},"schema":{"@context":"https:\/\/schema.org","@graph":[{"@type":"Article","@id":"https:\/\/al-anon.org\/es\/blog\/hombre-llega-comprender-la-violencia-de-su-padre\/#article","isPartOf":{"@id":"https:\/\/al-anon.org\/es\/blog\/hombre-llega-comprender-la-violencia-de-su-padre\/"},"author":{"name":"Al-Anon","@id":"https:\/\/al-anon.org\/es\/#\/schema\/person\/f040ec23ff8effd64eba4fafc3c637b2"},"headline":"Hombre llega a comprender la violencia de su padre","datePublished":"2017-04-20T13:03:26+00:00","dateModified":"2017-07-27T15:34:29+00:00","mainEntityOfPage":{"@id":"https:\/\/al-anon.org\/es\/blog\/hombre-llega-comprender-la-violencia-de-su-padre\/"},"wordCount":1039,"commentCount":0,"publisher":{"@id":"https:\/\/al-anon.org\/es\/#organization"},"articleSection":["Para c\u00f3nyuges y parejas alcoh\u00f3licos","Para padres alcoh\u00f3licos"],"inLanguage":"es","potentialAction":[{"@type":"CommentAction","name":"Comment","target":["https:\/\/al-anon.org\/es\/blog\/hombre-llega-comprender-la-violencia-de-su-padre\/#respond"]}]},{"@type":"WebPage","@id":"https:\/\/al-anon.org\/es\/blog\/hombre-llega-comprender-la-violencia-de-su-padre\/","url":"https:\/\/al-anon.org\/es\/blog\/hombre-llega-comprender-la-violencia-de-su-padre\/","name":"Hombre llega a comprender la violencia de su padre - Al-Anon Family Groups","isPartOf":{"@id":"https:\/\/al-anon.org\/es\/#website"},"datePublished":"2017-04-20T13:03:26+00:00","dateModified":"2017-07-27T15:34:29+00:00","inLanguage":"es","potentialAction":[{"@type":"ReadAction","target":["https:\/\/al-anon.org\/es\/blog\/hombre-llega-comprender-la-violencia-de-su-padre\/"]}]},{"@type":"WebSite","@id":"https:\/\/al-anon.org\/es\/#website","url":"https:\/\/al-anon.org\/es\/","name":"Al-Anon Family Groups","description":"Help and hope for families and friends of alcoholics","publisher":{"@id":"https:\/\/al-anon.org\/es\/#organization"},"potentialAction":[{"@type":"SearchAction","target":{"@type":"EntryPoint","urlTemplate":"https:\/\/al-anon.org\/es\/?s={search_term_string}"},"query-input":{"@type":"PropertyValueSpecification","valueRequired":true,"valueName":"search_term_string"}}],"inLanguage":"es"},{"@type":"Organization","@id":"https:\/\/al-anon.org\/es\/#organization","name":"Al-Anon Family Group Headquarters, Inc.","url":"https:\/\/al-anon.org\/es\/","logo":{"@type":"ImageObject","inLanguage":"es","@id":"https:\/\/al-anon.org\/es\/#\/schema\/logo\/image\/","url":"https:\/\/al-anon.org\/wp-content\/uploads\/2017\/04\/AFGlogo-e1492189694634.jpg","contentUrl":"https:\/\/al-anon.org\/wp-content\/uploads\/2017\/04\/AFGlogo-e1492189694634.jpg","width":167,"height":50,"caption":"Al-Anon Family Group Headquarters, Inc."},"image":{"@id":"https:\/\/al-anon.org\/es\/#\/schema\/logo\/image\/"},"sameAs":["http:\/\/www.facebook.com\/AlAnonFamilyGroupsWSO","https:\/\/x.com\/AlAnon_WSO","http:\/\/www.instagram.com\/alanon_wso","https:\/\/www.linkedin.com\/company\/al-anon-wso\/","https:\/\/www.youtube.com\/user\/AlAnonFamilyGroupHQ\/"]},{"@type":"Person","@id":"https:\/\/al-anon.org\/es\/#\/schema\/person\/f040ec23ff8effd64eba4fafc3c637b2","name":"Al-Anon"}]}},"_links":{"self":[{"href":"https:\/\/al-anon.org\/es\/wp-json\/wp\/v2\/posts\/4276","targetHints":{"allow":["GET"]}}],"collection":[{"href":"https:\/\/al-anon.org\/es\/wp-json\/wp\/v2\/posts"}],"about":[{"href":"https:\/\/al-anon.org\/es\/wp-json\/wp\/v2\/types\/post"}],"author":[{"embeddable":true,"href":"https:\/\/al-anon.org\/es\/wp-json\/wp\/v2\/users\/14"}],"replies":[{"embeddable":true,"href":"https:\/\/al-anon.org\/es\/wp-json\/wp\/v2\/comments?post=4276"}],"version-history":[{"count":0,"href":"https:\/\/al-anon.org\/es\/wp-json\/wp\/v2\/posts\/4276\/revisions"}],"wp:attachment":[{"href":"https:\/\/al-anon.org\/es\/wp-json\/wp\/v2\/media?parent=4276"}],"wp:term":[{"taxonomy":"category","embeddable":true,"href":"https:\/\/al-anon.org\/es\/wp-json\/wp\/v2\/categories?post=4276"},{"taxonomy":"post_tag","embeddable":true,"href":"https:\/\/al-anon.org\/es\/wp-json\/wp\/v2\/tags?post=4276"}],"curies":[{"name":"wp","href":"https:\/\/api.w.org\/{rel}","templated":true}]}}