{"id":40109,"date":"2023-09-19T15:27:08","date_gmt":"2023-09-19T19:27:08","guid":{"rendered":"https:\/\/al-anon.org\/?p=40109"},"modified":"2023-09-19T16:46:56","modified_gmt":"2023-09-19T20:46:56","slug":"al-anon-participa-en-el-dia-de-compartir-anual-de-alcoholicos-anonimos","status":"publish","type":"post","link":"https:\/\/al-anon.org\/es\/blog\/al-anon-participa-en-el-dia-de-compartir-anual-de-alcoholicos-anonimos\/","title":{"rendered":"Al-Anon participa en el D\u00eda de Compartir anual de Alcoh\u00f3licos An\u00f3nimos"},"content":{"rendered":"<div class=\"fusion-fullwidth fullwidth-box fusion-builder-row-1 nonhundred-percent-fullwidth non-hundred-percent-height-scrolling\" style=\"--awb-border-radius-top-left:0px;--awb-border-radius-top-right:0px;--awb-border-radius-bottom-right:0px;--awb-border-radius-bottom-left:0px;--awb-padding-top:20px;--awb-padding-bottom:20px;--awb-flex-wrap:wrap;\" ><div class=\"fusion-builder-row fusion-row\"><div class=\"fusion-layout-column fusion_builder_column fusion-builder-column-0 fusion_builder_column_1_6 1_6 fusion-one-sixth fusion-column-first\" style=\"--awb-bg-size:cover;width:16.666666666667%;width:calc(16.666666666667% - ( ( 4% + 4% ) * 0.16666666666667 ) );margin-right: 4%;\"><div class=\"fusion-column-wrapper fusion-flex-column-wrapper-legacy\"><div class=\"fusion-clearfix\"><\/div><\/div><\/div><div class=\"fusion-layout-column fusion_builder_column fusion-builder-column-1 fusion_builder_column_2_3 2_3 fusion-two-third\" style=\"--awb-bg-size:cover;width:66.666666666667%;width:calc(66.666666666667% - ( ( 4% + 4% ) * 0.66666666666667 ) );margin-right: 4%;\"><div class=\"fusion-column-wrapper fusion-flex-column-wrapper-legacy\"><div class=\"fusion-text fusion-text-1\"><p>El D\u00eda de Compartir anual fue creado por la Oficina de Servicios Generales (OSG) de Alcoh\u00f3licos An\u00f3nimos (AA) para reunir a varias organizaciones de Doce Pasos, incluido Al\u2011Anon, en un esp\u00edritu de unidad y compa\u00f1erismo. Se invita a los l\u00edderes organizativos de cada grupo. La participaci\u00f3n de Al\u2011Anon en este evento refleja los principios espirituales que se encuentran en la <a href=\"https:\/\/al-anon.org\/es\/para-los-miembros\/los-legados\/las-doce-tradiciones\/\">Sexta Tradici\u00f3n<\/a>, que hacen hincapi\u00e9 en mantener el enfoque en nuestro objetivo espiritual primordial de ayudar a los familiares y amigos de los alcoh\u00f3licos y fomentar la cooperaci\u00f3n con AA.<\/p>\n<p>Durante el D\u00eda de Compartir, la Presidenta de la Junta de Administradores (Custodios) de Al\u2011Anon y su Directora ejecutiva tienen la oportunidad de intercambiar experiencias, retos y \u00e9xitos con otros l\u00edderes de programas de Doce Pasos. Esta interacci\u00f3n anual fomenta un sentido de unidad y comprensi\u00f3n entre los l\u00edderes de estos programas mientras celebramos el servicio a nuestros miembros y grupos.<\/p>\n<p>Al participar en el D\u00eda de Compartir de AA, los Grupos de Familia Al\u2011Anon colaboran con la comunidad de recuperaci\u00f3n de los Doce Pasos. Todos podemos aprender los unos de los otros y alentarnos mutuamente en nuestras respectivas jornadas de apoyo y expansi\u00f3n de nuestras hermandades.<\/p>\n<p>Al\u2011Anon espera participar en el pr\u00f3ximo D\u00eda de Compartir anual, que se celebrar\u00e1 este oto\u00f1o.<\/p>\n<p style=\"text-align: right;\"><em>En Contacto<\/em>, septiembre de 2023<\/p>\n<\/div><div class=\"fusion-clearfix\"><\/div><\/div><\/div><div class=\"fusion-layout-column fusion_builder_column fusion-builder-column-2 fusion_builder_column_1_6 1_6 fusion-one-sixth fusion-column-last\" style=\"--awb-bg-size:cover;width:16.666666666667%;width:calc(16.666666666667% - ( ( 4% + 4% ) * 0.16666666666667 ) );\"><div class=\"fusion-column-wrapper fusion-flex-column-wrapper-legacy\"><div class=\"fusion-clearfix\"><\/div><\/div><\/div><\/div><\/div>\n","protected":false},"excerpt":{"rendered":"","protected":false},"author":37,"featured_media":0,"comment_status":"open","ping_status":"open","sticky":false,"template":"","format":"standard","meta":{"footnotes":""},"categories":[299],"tags":[],"class_list":["post-40109","post","type-post","status-publish","format-standard","hentry","category-anuncios"],"yoast_head":"<!-- This site is optimized with the Yoast SEO plugin v27.5 - https:\/\/yoast.com\/product\/yoast-seo-wordpress\/ -->\n<title>Al-Anon participa en el D\u00eda de Compartir anual de Alcoh\u00f3licos An\u00f3nimos - Al-Anon Family Groups<\/title>\n<meta name=\"robots\" content=\"index, follow, max-snippet:-1, max-image-preview:large, max-video-preview:-1\" \/>\n<link rel=\"canonical\" href=\"https:\/\/al-anon.org\/es\/blog\/al-anon-participa-en-el-dia-de-compartir-anual-de-alcoholicos-anonimos\/\" \/>\n<meta property=\"og:locale\" content=\"es_ES\" \/>\n<meta property=\"og:type\" content=\"article\" \/>\n<meta property=\"og:title\" content=\"Al-Anon participa en el D\u00eda de Compartir anual de Alcoh\u00f3licos An\u00f3nimos - Al-Anon Family Groups\" \/>\n<meta property=\"og:url\" content=\"https:\/\/al-anon.org\/es\/blog\/al-anon-participa-en-el-dia-de-compartir-anual-de-alcoholicos-anonimos\/\" \/>\n<meta property=\"og:site_name\" content=\"Al-Anon Family Groups\" \/>\n<meta property=\"article:publisher\" content=\"http:\/\/www.facebook.com\/AlAnonFamilyGroupsWSO\" \/>\n<meta property=\"article:published_time\" content=\"2023-09-19T19:27:08+00:00\" \/>\n<meta property=\"article:modified_time\" content=\"2023-09-19T20:46:56+00:00\" \/>\n<meta name=\"author\" content=\"Al-Anon\" \/>\n<meta name=\"twitter:card\" content=\"summary_large_image\" \/>\n<meta name=\"twitter:creator\" content=\"@AlAnon_WSO\" \/>\n<meta name=\"twitter:site\" content=\"@AlAnon_WSO\" \/>\n<meta name=\"twitter:label1\" content=\"Escrito por\" \/>\n\t<meta name=\"twitter:data1\" content=\"Al-Anon\" \/>\n\t<meta name=\"twitter:label2\" content=\"Tiempo de lectura\" \/>\n\t<meta name=\"twitter:data2\" content=\"2 minutos\" \/>\n<script type=\"application\/ld+json\" class=\"yoast-schema-graph\">{\"@context\":\"https:\\\/\\\/schema.org\",\"@graph\":[{\"@type\":\"Article\",\"@id\":\"https:\\\/\\\/al-anon.org\\\/es\\\/blog\\\/al-anon-participa-en-el-dia-de-compartir-anual-de-alcoholicos-anonimos\\\/#article\",\"isPartOf\":{\"@id\":\"https:\\\/\\\/al-anon.org\\\/es\\\/blog\\\/al-anon-participa-en-el-dia-de-compartir-anual-de-alcoholicos-anonimos\\\/\"},\"author\":{\"name\":\"Al-Anon\",\"@id\":\"https:\\\/\\\/al-anon.org\\\/es\\\/#\\\/schema\\\/person\\\/556f5441ef0e37c892829d4ae1622876\"},\"headline\":\"Al-Anon participa en el D\u00eda de Compartir anual de Alcoh\u00f3licos An\u00f3nimos\",\"datePublished\":\"2023-09-19T19:27:08+00:00\",\"dateModified\":\"2023-09-19T20:46:56+00:00\",\"mainEntityOfPage\":{\"@id\":\"https:\\\/\\\/al-anon.org\\\/es\\\/blog\\\/al-anon-participa-en-el-dia-de-compartir-anual-de-alcoholicos-anonimos\\\/\"},\"wordCount\":654,\"commentCount\":0,\"publisher\":{\"@id\":\"https:\\\/\\\/al-anon.org\\\/es\\\/#organization\"},\"articleSection\":[\"Anuncios\"],\"inLanguage\":\"es\",\"potentialAction\":[{\"@type\":\"CommentAction\",\"name\":\"Comment\",\"target\":[\"https:\\\/\\\/al-anon.org\\\/es\\\/blog\\\/al-anon-participa-en-el-dia-de-compartir-anual-de-alcoholicos-anonimos\\\/#respond\"]}]},{\"@type\":\"WebPage\",\"@id\":\"https:\\\/\\\/al-anon.org\\\/es\\\/blog\\\/al-anon-participa-en-el-dia-de-compartir-anual-de-alcoholicos-anonimos\\\/\",\"url\":\"https:\\\/\\\/al-anon.org\\\/es\\\/blog\\\/al-anon-participa-en-el-dia-de-compartir-anual-de-alcoholicos-anonimos\\\/\",\"name\":\"Al-Anon participa en el D\u00eda de Compartir anual de Alcoh\u00f3licos An\u00f3nimos - Al-Anon Family Groups\",\"isPartOf\":{\"@id\":\"https:\\\/\\\/al-anon.org\\\/es\\\/#website\"},\"datePublished\":\"2023-09-19T19:27:08+00:00\",\"dateModified\":\"2023-09-19T20:46:56+00:00\",\"inLanguage\":\"es\",\"potentialAction\":[{\"@type\":\"ReadAction\",\"target\":[\"https:\\\/\\\/al-anon.org\\\/es\\\/blog\\\/al-anon-participa-en-el-dia-de-compartir-anual-de-alcoholicos-anonimos\\\/\"]}]},{\"@type\":\"WebSite\",\"@id\":\"https:\\\/\\\/al-anon.org\\\/es\\\/#website\",\"url\":\"https:\\\/\\\/al-anon.org\\\/es\\\/\",\"name\":\"Al-Anon Family Groups\",\"description\":\"Help and hope for families and friends of alcoholics\",\"publisher\":{\"@id\":\"https:\\\/\\\/al-anon.org\\\/es\\\/#organization\"},\"potentialAction\":[{\"@type\":\"SearchAction\",\"target\":{\"@type\":\"EntryPoint\",\"urlTemplate\":\"https:\\\/\\\/al-anon.org\\\/es\\\/?s={search_term_string}\"},\"query-input\":{\"@type\":\"PropertyValueSpecification\",\"valueRequired\":true,\"valueName\":\"search_term_string\"}}],\"inLanguage\":\"es\"},{\"@type\":\"Organization\",\"@id\":\"https:\\\/\\\/al-anon.org\\\/es\\\/#organization\",\"name\":\"Al-Anon Family Group Headquarters, Inc.\",\"url\":\"https:\\\/\\\/al-anon.org\\\/es\\\/\",\"logo\":{\"@type\":\"ImageObject\",\"inLanguage\":\"es\",\"@id\":\"https:\\\/\\\/al-anon.org\\\/es\\\/#\\\/schema\\\/logo\\\/image\\\/\",\"url\":\"https:\\\/\\\/al-anon.org\\\/wp-content\\\/uploads\\\/2017\\\/04\\\/AFGlogo-e1492189694634.jpg\",\"contentUrl\":\"https:\\\/\\\/al-anon.org\\\/wp-content\\\/uploads\\\/2017\\\/04\\\/AFGlogo-e1492189694634.jpg\",\"width\":167,\"height\":50,\"caption\":\"Al-Anon Family Group Headquarters, Inc.\"},\"image\":{\"@id\":\"https:\\\/\\\/al-anon.org\\\/es\\\/#\\\/schema\\\/logo\\\/image\\\/\"},\"sameAs\":[\"http:\\\/\\\/www.facebook.com\\\/AlAnonFamilyGroupsWSO\",\"https:\\\/\\\/x.com\\\/AlAnon_WSO\",\"http:\\\/\\\/www.instagram.com\\\/alanon_wso\",\"https:\\\/\\\/www.linkedin.com\\\/company\\\/al-anon-wso\\\/\",\"https:\\\/\\\/www.youtube.com\\\/user\\\/AlAnonFamilyGroupHQ\\\/\"]},{\"@type\":\"Person\",\"@id\":\"https:\\\/\\\/al-anon.org\\\/es\\\/#\\\/schema\\\/person\\\/556f5441ef0e37c892829d4ae1622876\",\"name\":\"Al-Anon\"}]}<\/script>\n<!-- \/ Yoast SEO plugin. -->","yoast_head_json":{"title":"Al-Anon participa en el D\u00eda de Compartir anual de Alcoh\u00f3licos An\u00f3nimos - Al-Anon Family Groups","robots":{"index":"index","follow":"follow","max-snippet":"max-snippet:-1","max-image-preview":"max-image-preview:large","max-video-preview":"max-video-preview:-1"},"canonical":"https:\/\/al-anon.org\/es\/blog\/al-anon-participa-en-el-dia-de-compartir-anual-de-alcoholicos-anonimos\/","og_locale":"es_ES","og_type":"article","og_title":"Al-Anon participa en el D\u00eda de Compartir anual de Alcoh\u00f3licos An\u00f3nimos - Al-Anon Family Groups","og_url":"https:\/\/al-anon.org\/es\/blog\/al-anon-participa-en-el-dia-de-compartir-anual-de-alcoholicos-anonimos\/","og_site_name":"Al-Anon Family Groups","article_publisher":"http:\/\/www.facebook.com\/AlAnonFamilyGroupsWSO","article_published_time":"2023-09-19T19:27:08+00:00","article_modified_time":"2023-09-19T20:46:56+00:00","author":"Al-Anon","twitter_card":"summary_large_image","twitter_creator":"@AlAnon_WSO","twitter_site":"@AlAnon_WSO","twitter_misc":{"Escrito por":"Al-Anon","Tiempo de lectura":"2 minutos"},"schema":{"@context":"https:\/\/schema.org","@graph":[{"@type":"Article","@id":"https:\/\/al-anon.org\/es\/blog\/al-anon-participa-en-el-dia-de-compartir-anual-de-alcoholicos-anonimos\/#article","isPartOf":{"@id":"https:\/\/al-anon.org\/es\/blog\/al-anon-participa-en-el-dia-de-compartir-anual-de-alcoholicos-anonimos\/"},"author":{"name":"Al-Anon","@id":"https:\/\/al-anon.org\/es\/#\/schema\/person\/556f5441ef0e37c892829d4ae1622876"},"headline":"Al-Anon participa en el D\u00eda de Compartir anual de Alcoh\u00f3licos An\u00f3nimos","datePublished":"2023-09-19T19:27:08+00:00","dateModified":"2023-09-19T20:46:56+00:00","mainEntityOfPage":{"@id":"https:\/\/al-anon.org\/es\/blog\/al-anon-participa-en-el-dia-de-compartir-anual-de-alcoholicos-anonimos\/"},"wordCount":654,"commentCount":0,"publisher":{"@id":"https:\/\/al-anon.org\/es\/#organization"},"articleSection":["Anuncios"],"inLanguage":"es","potentialAction":[{"@type":"CommentAction","name":"Comment","target":["https:\/\/al-anon.org\/es\/blog\/al-anon-participa-en-el-dia-de-compartir-anual-de-alcoholicos-anonimos\/#respond"]}]},{"@type":"WebPage","@id":"https:\/\/al-anon.org\/es\/blog\/al-anon-participa-en-el-dia-de-compartir-anual-de-alcoholicos-anonimos\/","url":"https:\/\/al-anon.org\/es\/blog\/al-anon-participa-en-el-dia-de-compartir-anual-de-alcoholicos-anonimos\/","name":"Al-Anon participa en el D\u00eda de Compartir anual de Alcoh\u00f3licos An\u00f3nimos - Al-Anon Family Groups","isPartOf":{"@id":"https:\/\/al-anon.org\/es\/#website"},"datePublished":"2023-09-19T19:27:08+00:00","dateModified":"2023-09-19T20:46:56+00:00","inLanguage":"es","potentialAction":[{"@type":"ReadAction","target":["https:\/\/al-anon.org\/es\/blog\/al-anon-participa-en-el-dia-de-compartir-anual-de-alcoholicos-anonimos\/"]}]},{"@type":"WebSite","@id":"https:\/\/al-anon.org\/es\/#website","url":"https:\/\/al-anon.org\/es\/","name":"Al-Anon Family Groups","description":"Help and hope for families and friends of alcoholics","publisher":{"@id":"https:\/\/al-anon.org\/es\/#organization"},"potentialAction":[{"@type":"SearchAction","target":{"@type":"EntryPoint","urlTemplate":"https:\/\/al-anon.org\/es\/?s={search_term_string}"},"query-input":{"@type":"PropertyValueSpecification","valueRequired":true,"valueName":"search_term_string"}}],"inLanguage":"es"},{"@type":"Organization","@id":"https:\/\/al-anon.org\/es\/#organization","name":"Al-Anon Family Group Headquarters, Inc.","url":"https:\/\/al-anon.org\/es\/","logo":{"@type":"ImageObject","inLanguage":"es","@id":"https:\/\/al-anon.org\/es\/#\/schema\/logo\/image\/","url":"https:\/\/al-anon.org\/wp-content\/uploads\/2017\/04\/AFGlogo-e1492189694634.jpg","contentUrl":"https:\/\/al-anon.org\/wp-content\/uploads\/2017\/04\/AFGlogo-e1492189694634.jpg","width":167,"height":50,"caption":"Al-Anon Family Group Headquarters, Inc."},"image":{"@id":"https:\/\/al-anon.org\/es\/#\/schema\/logo\/image\/"},"sameAs":["http:\/\/www.facebook.com\/AlAnonFamilyGroupsWSO","https:\/\/x.com\/AlAnon_WSO","http:\/\/www.instagram.com\/alanon_wso","https:\/\/www.linkedin.com\/company\/al-anon-wso\/","https:\/\/www.youtube.com\/user\/AlAnonFamilyGroupHQ\/"]},{"@type":"Person","@id":"https:\/\/al-anon.org\/es\/#\/schema\/person\/556f5441ef0e37c892829d4ae1622876","name":"Al-Anon"}]}},"_links":{"self":[{"href":"https:\/\/al-anon.org\/es\/wp-json\/wp\/v2\/posts\/40109","targetHints":{"allow":["GET"]}}],"collection":[{"href":"https:\/\/al-anon.org\/es\/wp-json\/wp\/v2\/posts"}],"about":[{"href":"https:\/\/al-anon.org\/es\/wp-json\/wp\/v2\/types\/post"}],"author":[{"embeddable":true,"href":"https:\/\/al-anon.org\/es\/wp-json\/wp\/v2\/users\/37"}],"replies":[{"embeddable":true,"href":"https:\/\/al-anon.org\/es\/wp-json\/wp\/v2\/comments?post=40109"}],"version-history":[{"count":4,"href":"https:\/\/al-anon.org\/es\/wp-json\/wp\/v2\/posts\/40109\/revisions"}],"predecessor-version":[{"id":40114,"href":"https:\/\/al-anon.org\/es\/wp-json\/wp\/v2\/posts\/40109\/revisions\/40114"}],"wp:attachment":[{"href":"https:\/\/al-anon.org\/es\/wp-json\/wp\/v2\/media?parent=40109"}],"wp:term":[{"taxonomy":"category","embeddable":true,"href":"https:\/\/al-anon.org\/es\/wp-json\/wp\/v2\/categories?post=40109"},{"taxonomy":"post_tag","embeddable":true,"href":"https:\/\/al-anon.org\/es\/wp-json\/wp\/v2\/tags?post=40109"}],"curies":[{"name":"wp","href":"https:\/\/api.w.org\/{rel}","templated":true}]}}