{"id":37432,"date":"2022-09-10T10:01:47","date_gmt":"2022-09-10T14:01:47","guid":{"rendered":"https:\/\/al-anon.org\/?p=37432"},"modified":"2022-09-10T10:01:50","modified_gmt":"2022-09-10T14:01:50","slug":"cuando-decidi-que-la-vida-no-valia-la-pena","status":"publish","type":"post","link":"https:\/\/al-anon.org\/es\/blog\/cuando-decidi-que-la-vida-no-valia-la-pena\/","title":{"rendered":"Cuando decid\u00ed que la vida no val\u00eda la pena"},"content":{"rendered":"<p><div class=\"fusion-fullwidth fullwidth-box fusion-builder-row-1 nonhundred-percent-fullwidth non-hundred-percent-height-scrolling\" style=\"--awb-border-radius-top-left:0px;--awb-border-radius-top-right:0px;--awb-border-radius-bottom-right:0px;--awb-border-radius-bottom-left:0px;--awb-padding-top:20px;--awb-padding-bottom:20px;--awb-flex-wrap:wrap;\" ><div class=\"fusion-builder-row fusion-row\"><div class=\"fusion-layout-column fusion_builder_column fusion-builder-column-0 fusion_builder_column_1_6 1_6 fusion-one-sixth fusion-column-first\" style=\"--awb-bg-size:cover;width:16.666666666667%;width:calc(16.666666666667% - ( ( 4% + 4% ) * 0.16666666666667 ) );margin-right: 4%;\"><div class=\"fusion-column-wrapper fusion-flex-column-wrapper-legacy\"><div class=\"fusion-clearfix\"><\/div><\/div><\/div><div class=\"fusion-layout-column fusion_builder_column fusion-builder-column-1 fusion_builder_column_2_3 2_3 fusion-two-third\" style=\"--awb-bg-size:cover;width:66.666666666667%;width:calc(66.666666666667% - ( ( 4% + 4% ) * 0.66666666666667 ) );margin-right: 4%;\"><div class=\"fusion-column-wrapper fusion-column-has-shadow fusion-flex-column-wrapper-legacy\"><div class=\"fusion-title title fusion-title-1 fusion-sep-none fusion-title-center fusion-title-text fusion-title-size-three\" style=\"--awb-margin-top-small:0px;--awb-margin-right-small:0px;--awb-margin-bottom-small:20px;--awb-margin-left-small:0px;\"><h3 class=\"fusion-title-heading title-heading-center fusion-responsive-typography-calculated\" style=\"margin:0;--fontSize:26;line-height:1.62;\"><h3 style=\"text-align: center;\"><strong>Cuando decid\u00ed que la vida no val\u00eda la pena, record\u00e9 a mi terapista y su recomendaci\u00f3n de Al\u00ad\u2011Anon<\/strong><\/h3><\/h3><\/div><div class=\"fusion-text fusion-text-1\"><p>Durante el mes de septiembre, hay varias campa\u00f1as de concienciaci\u00f3n dirigidas a sensibilizar sobre la prevenci\u00f3n del suicidio. Si bien Al\u2011Anon apoya a cualquier persona afectada por el consumo de alcohol de otra persona, muchos de nuestros miembros han tenido pensamientos suicidas o se han visto afectados porque un ser querido muri\u00f3 por suicidio o intent\u00f3 suicidarse.<\/p>\n<p>En este v\u00eddeo, Magdalena, un miembro an\u00f3nimo de Al\u2011Anon, comparte la desesperaci\u00f3n que sinti\u00f3 al provenir de una familia gravemente afectada por el alcoholismo. Termin\u00f3 en un lugar donde sinti\u00f3 que su \u00fanica opci\u00f3n era asesinar a sus hijos y quitarse la vida ella misma. Por suerte, record\u00f3 una recomendaci\u00f3n de Al\u2011Anon de su terapeuta. Participar en Al\u2011Anon la sac\u00f3 de la desesperaci\u00f3n y le dio los instrumentos que necesitaba para tomar el control de su vida y ser una mejor madre.<\/p>\n<p>Vea su entrevista para saber m\u00e1s.<\/p>\n<\/div><div class=\"fusion-sep-clear\"><\/div><div class=\"fusion-separator fusion-full-width-sep\" style=\"margin-left: auto;margin-right: auto;margin-top:5px;margin-bottom:5px;width:100%;\"><\/div><div class=\"fusion-sep-clear\"><\/div><div class=\"fusion-clearfix\"><\/div><\/div><\/div><div class=\"fusion-layout-column fusion_builder_column fusion-builder-column-2 fusion_builder_column_1_6 1_6 fusion-one-sixth fusion-column-last\" style=\"--awb-bg-size:cover;width:16.666666666667%;width:calc(16.666666666667% - ( ( 4% + 4% ) * 0.16666666666667 ) );\"><div class=\"fusion-column-wrapper fusion-flex-column-wrapper-legacy\"><div class=\"fusion-clearfix\"><\/div><\/div><\/div><\/div><\/div><div class=\"fusion-fullwidth fullwidth-box fusion-builder-row-2 nonhundred-percent-fullwidth non-hundred-percent-height-scrolling\" style=\"--awb-border-radius-top-left:0px;--awb-border-radius-top-right:0px;--awb-border-radius-bottom-right:0px;--awb-border-radius-bottom-left:0px;--awb-padding-top:20px;--awb-padding-bottom:20px;--awb-flex-wrap:wrap;\" ><div class=\"fusion-builder-row fusion-row\"><div class=\"fusion-layout-column fusion_builder_column fusion-builder-column-3 fusion_builder_column_1_6 1_6 fusion-one-sixth fusion-column-first\" style=\"--awb-bg-size:cover;width:16.666666666667%;width:calc(16.666666666667% - ( ( 4% + 4% ) * 0.16666666666667 ) );margin-right: 4%;\"><div class=\"fusion-column-wrapper fusion-flex-column-wrapper-legacy\"><div class=\"fusion-clearfix\"><\/div><\/div><\/div><div class=\"fusion-layout-column fusion_builder_column fusion-builder-column-4 fusion_builder_column_2_3 2_3 fusion-two-third\" style=\"--awb-bg-size:cover;width:66.666666666667%;width:calc(66.666666666667% - ( ( 4% + 4% ) * 0.66666666666667 ) );margin-right: 4%;\"><div class=\"fusion-column-wrapper fusion-column-has-shadow fusion-flex-column-wrapper-legacy\"><div class=\"fusion-video fusion-vimeo fusion-aligncenter\" style=\"--awb-max-width:600px;--awb-max-height:360px;--awb-width:100%;\"><div class=\"video-shortcode\"><div class=\"fluid-width-video-wrapper\" style=\"padding-top:60%;\" ><iframe title=\"Vimeo video player 1\" src=\"https:\/\/player.vimeo.com\/video\/681929868?autoplay=0&amp;autopause=0\" width=\"600\" height=\"360\" allowfullscreen allow=\"autoplay; fullscreen\"><\/iframe><\/div><\/div><\/div><div class=\"fusion-sep-clear\"><\/div><div class=\"fusion-separator fusion-full-width-sep\" style=\"margin-left: auto;margin-right: auto;margin-top:5px;margin-bottom:5px;width:100%;\"><\/div><div class=\"fusion-sep-clear\"><\/div><div class=\"fusion-clearfix\"><\/div><\/div><\/div><div class=\"fusion-layout-column fusion_builder_column fusion-builder-column-5 fusion_builder_column_1_6 1_6 fusion-one-sixth fusion-column-last\" style=\"--awb-bg-size:cover;width:16.666666666667%;width:calc(16.666666666667% - ( ( 4% + 4% ) * 0.16666666666667 ) );\"><div class=\"fusion-column-wrapper fusion-flex-column-wrapper-legacy\"><div class=\"fusion-clearfix\"><\/div><\/div><\/div><\/div><\/div><div class=\"fusion-fullwidth fullwidth-box fusion-builder-row-3 nonhundred-percent-fullwidth non-hundred-percent-height-scrolling\" style=\"--awb-border-radius-top-left:0px;--awb-border-radius-top-right:0px;--awb-border-radius-bottom-right:0px;--awb-border-radius-bottom-left:0px;--awb-flex-wrap:wrap;\" ><div class=\"fusion-builder-row fusion-row\"><div class=\"fusion-layout-column fusion_builder_column fusion-builder-column-6 fusion_builder_column_1_6 1_6 fusion-one-sixth fusion-column-first\" style=\"--awb-bg-size:cover;width:16.666666666667%;width:calc(16.666666666667% - ( ( 4% + 4% ) * 0.16666666666667 ) );margin-right: 4%;\"><div class=\"fusion-column-wrapper fusion-column-has-shadow fusion-flex-column-wrapper-legacy\"><div class=\"fusion-clearfix\"><\/div><\/div><\/div><div class=\"fusion-layout-column fusion_builder_column fusion-builder-column-7 fusion_builder_column_2_3 2_3 fusion-two-third\" style=\"--awb-bg-size:cover;width:66.666666666667%;width:calc(66.666666666667% - ( ( 4% + 4% ) * 0.66666666666667 ) );margin-right: 4%;\"><div class=\"fusion-column-wrapper fusion-column-has-shadow fusion-flex-column-wrapper-legacy\"><div class=\"fusion-text fusion-text-2\"><p>Si est\u00e1 pensando en hacerse da\u00f1o a s\u00ed mismo, por favor busque apoyo. Puede encontrar recursos locales y nacionales buscando en Internet la \u00abl\u00ednea directa nacional de suicidio\u00bb.<\/p>\n<p>Si su vida se ha visto afectada por la enfermedad familiar del alcoholismo, considera la posibilidad de asistir a algunas reuniones de Al\u2011Anon o Alateen (para adolescentes).<\/p>\n<\/div><div class=\"fusion-sep-clear\"><\/div><div class=\"fusion-separator fusion-full-width-sep\" style=\"margin-left: auto;margin-right: auto;margin-top:5px;margin-bottom:5px;width:100%;\"><\/div><div class=\"fusion-sep-clear\"><\/div><div class=\"fusion-button-wrapper fusion-aligncenter\"><a class=\"fusion-button button-3d fusion-button-default-size button-default fusion-button-default button-1 fusion-button-span-no \" style=\"--button-border-radius-top-left:50px;--button-border-radius-top-right:50px;--button-border-radius-bottom-right:50px;--button-border-radius-bottom-left:50px;\" target=\"_self\" href=\"\/es\/reuniones-de-al-anon\/\"><span class=\"fusion-button-text awb-button__text awb-button__text--default\">Localizar una reuni\u00f3n <\/span><\/a><\/div><div class=\"fusion-sep-clear\"><\/div><div class=\"fusion-separator fusion-full-width-sep\" style=\"margin-left: auto;margin-right: auto;margin-top:5px;margin-bottom:5px;width:100%;\"><\/div><div class=\"fusion-sep-clear\"><\/div><div class=\"fusion-text fusion-text-3\"><p>Descargo de responsabilidad:<\/p>\n<p>Esta entrevista fue grabada en el Congreso Internacional de Al\u2011Anon 2018 en Baltimore, Maryland, Estados Unidos. Se pidi\u00f3 a los miembros que compartieran sobre varios aspectos del programa de Al\u2011\u00adAnon y su experiencia personal.<\/p>\n<p>El anonimato de los miembros est\u00e1 protegido para que puedan compartir abierta y honestamente sobre su experiencia con la bebida de un ser querido y con el programa de Al\u2011Anon.<\/p>\n<p>Las opiniones expresadas en este video son estrictamente las de la persona que las dio.<\/p>\n<\/div><div class=\"fusion-clearfix\"><\/div><\/div><\/div><div class=\"fusion-layout-column fusion_builder_column fusion-builder-column-8 fusion_builder_column_1_6 1_6 fusion-one-sixth fusion-column-last\" style=\"--awb-bg-size:cover;width:16.666666666667%;width:calc(16.666666666667% - ( ( 4% + 4% ) * 0.16666666666667 ) );\"><div class=\"fusion-column-wrapper fusion-column-has-shadow fusion-flex-column-wrapper-legacy\"><div class=\"fusion-clearfix\"><\/div><\/div><\/div><\/div><\/div><div class=\"fusion-fullwidth fullwidth-box fusion-builder-row-4 nonhundred-percent-fullwidth non-hundred-percent-height-scrolling\" style=\"--awb-border-radius-top-left:0px;--awb-border-radius-top-right:0px;--awb-border-radius-bottom-right:0px;--awb-border-radius-bottom-left:0px;--awb-flex-wrap:wrap;\" ><div class=\"fusion-builder-row fusion-row\"><div class=\"fusion-layout-column fusion_builder_column fusion-builder-column-9 fusion_builder_column_1_6 1_6 fusion-one-sixth fusion-column-first\" style=\"--awb-bg-size:cover;width:16.666666666667%;width:calc(16.666666666667% - ( ( 4% + 4% ) * 0.16666666666667 ) );margin-right: 4%;\"><div class=\"fusion-column-wrapper fusion-column-has-shadow fusion-flex-column-wrapper-legacy\"><div class=\"fusion-clearfix\"><\/div><\/div><\/div><div class=\"fusion-layout-column fusion_builder_column fusion-builder-column-10 fusion_builder_column_2_3 2_3 fusion-two-third\" style=\"--awb-bg-size:cover;width:66.666666666667%;width:calc(66.666666666667% - ( ( 4% + 4% ) * 0.66666666666667 ) );margin-right: 4%;\"><div class=\"fusion-column-wrapper fusion-column-has-shadow fusion-flex-column-wrapper-legacy\"><div class=\"fusion-title title fusion-title-2 fusion-title-text fusion-title-size-one\" style=\"--awb-margin-top-small:0px;--awb-margin-right-small:0px;--awb-margin-bottom-small:20px;--awb-margin-left-small:0px;\"><h1 class=\"fusion-title-heading title-heading-left fusion-responsive-typography-calculated\" style=\"margin:0;--fontSize:56;line-height:1.79;\"><h3>Transcripci\u00f3n del v\u00eddeo<\/h3><\/h1><span class=\"awb-title-spacer\"><\/span><div class=\"title-sep-container\"><div class=\"title-sep sep-single sep-solid\" style=\"border-color:#e0dede;\"><\/div><\/div><\/div><div class=\"fusion-title title fusion-title-3 fusion-sep-none fusion-title-center fusion-title-text fusion-title-size-three\" style=\"--awb-margin-top-small:0px;--awb-margin-right-small:0px;--awb-margin-bottom-small:20px;--awb-margin-left-small:0px;\"><h3 class=\"fusion-title-heading title-heading-center fusion-responsive-typography-calculated\" style=\"margin:0;--fontSize:26;line-height:1.62;\"><h3 style=\"text-align: center;\"><strong>Cuando decid\u00ed que la vida no val\u00eda la pena, record\u00e9 a mi terapista y su recomendaci\u00f3n de Al\u00ad\u2011Anon<\/strong><\/h3><\/h3><\/div><div class=\"fusion-text fusion-text-4\"><p><strong>INTERVIEWER<\/strong>: Magdalena, puede compartir con nosotros \u00bfpor qu\u00e9 llegaste a Al\u2011Anon?<\/p>\n<p><strong>MEMBER<\/strong>: Llegu\u00e9 a Al\u2011Anon Porque una terapista me sugiri\u00f3 que era un buen programa para m\u00ed. Ten\u00eda a todos mis familiares que estaban usando drogas y tambi\u00e9n beb\u00edan alcohol sin control, especialmente mi esposo. Mi esposo estaba en la prisi\u00f3n y llegu\u00e9 a un momento de que despu\u00e9s me hab\u00eda afectado tanto el alcoholismo que decid\u00ed que la vida no val\u00eda la pena seguir adelante. Entonces decid\u00ed que iba a matar a mis hijos y suicidarme yo tambi\u00e9n. Entonces, como me sent\u00eda tan desesperada, me acord\u00e9 que la terapista me hab\u00eda sugerido que fuera a Al\u2011Anon y llegu\u00e9 a Al\u2011Anon desesperada. Con esa&#8230; ten\u00eda el gran deseo de seguir, de seguir adelante. No sab\u00eda c\u00f3mo y sab\u00eda que Al\u2011Anon me iba a ayudar.<\/p>\n<p><strong>INTERVIEWER<\/strong>: Y \u00bfqu\u00e9 aprendiste en Al\u2011Anon?<\/p>\n<p><strong>MEMBER<\/strong>: Al llegar a Al\u2011Anon aprend\u00ed que el alcoholismo era una enfermedad y que me habia afectado desde que estaba chica porque hab\u00eda vivido con mi padre que es alcoh\u00f3lico. Despu\u00e9s me cas\u00e9 con un alcoh\u00f3lico y mi abuelo tambi\u00e9n es alcoh\u00f3lico. Aprend\u00ed que era una enfermedad familiar y que hab\u00eda 12 Pasos, 12 Tradiciones y 12 Conceptos que me iban a ayudar a seguir adelante. Aprend\u00ed que como quererme a m\u00ed misma y aprend\u00ed que si no me quer\u00eda a m\u00ed no pod\u00eda querer a nadie m\u00e1s. As\u00ed que yo quer\u00eda mucho a mis hijos y aprend\u00ed que primero me ten\u00eda que cuidar yo para poder cuidar a mis hijos.<\/p>\n<\/div><div class=\"fusion-clearfix\"><\/div><\/div><\/div><div class=\"fusion-layout-column fusion_builder_column fusion-builder-column-11 fusion_builder_column_1_6 1_6 fusion-one-sixth fusion-column-last\" style=\"--awb-bg-size:cover;width:16.666666666667%;width:calc(16.666666666667% - ( ( 4% + 4% ) * 0.16666666666667 ) );\"><div class=\"fusion-column-wrapper fusion-column-has-shadow fusion-flex-column-wrapper-legacy\"><div class=\"fusion-clearfix\"><\/div><\/div><\/div><\/div><\/div><\/p>\n","protected":false},"excerpt":{"rendered":"","protected":false},"author":36,"featured_media":37436,"comment_status":"open","ping_status":"open","sticky":false,"template":"","format":"standard","meta":{"footnotes":""},"categories":[210,256,209,212,208,211,213],"tags":[522,523,510,524,506],"class_list":["post-37432","post","type-post","status-publish","format-standard","has-post-thumbnail","hentry","category-para-adolescentes","category-para-amigos-alcoholicos","category-para-conyuges-y-parejas-alcoholicos","category-para-hermanos-alcoholicos","category-para-hijos-alcoholicos","category-para-nietos","category-para-padres-alcoholicos","tag-alcoholismo","tag-depresion","tag-recien-llegados","tag-salud-mental","tag-suicidio"],"yoast_head":"<!-- This site is optimized with the Yoast SEO plugin v27.5 - https:\/\/yoast.com\/product\/yoast-seo-wordpress\/ -->\n<title>Cuando decid\u00ed que la vida no val\u00eda la pena - Al-Anon Family Groups<\/title>\n<meta name=\"description\" content=\"En este v\u00eddeo, Magdalena, un miembro an\u00f3nimo de Al\u2011Anon, comparte la desesperaci\u00f3n que sinti\u00f3 al provenir de una familia gravemente afectada por el alcoholismo.\" \/>\n<meta name=\"robots\" content=\"index, follow, max-snippet:-1, max-image-preview:large, max-video-preview:-1\" \/>\n<link rel=\"canonical\" href=\"https:\/\/al-anon.org\/es\/blog\/cuando-decidi-que-la-vida-no-valia-la-pena\/\" \/>\n<meta property=\"og:locale\" content=\"es_ES\" \/>\n<meta property=\"og:type\" content=\"article\" \/>\n<meta property=\"og:title\" content=\"Cuando decid\u00ed que la vida no val\u00eda la pena - Al-Anon Family Groups\" \/>\n<meta property=\"og:description\" content=\"En este v\u00eddeo, Magdalena, un miembro an\u00f3nimo de Al\u2011Anon, comparte la desesperaci\u00f3n que sinti\u00f3 al provenir de una familia gravemente afectada por el alcoholismo.\" \/>\n<meta property=\"og:url\" content=\"https:\/\/al-anon.org\/es\/blog\/cuando-decidi-que-la-vida-no-valia-la-pena\/\" \/>\n<meta property=\"og:site_name\" content=\"Al-Anon Family Groups\" \/>\n<meta property=\"article:publisher\" content=\"http:\/\/www.facebook.com\/AlAnonFamilyGroupsWSO\" \/>\n<meta property=\"article:published_time\" content=\"2022-09-10T14:01:47+00:00\" \/>\n<meta property=\"article:modified_time\" content=\"2022-09-10T14:01:50+00:00\" \/>\n<meta property=\"og:image\" content=\"https:\/\/al-anon.org\/wp-content\/uploads\/Life-not-worth-living-SPRING2022-SP6-YT-THMB.png\" \/>\n\t<meta property=\"og:image:width\" content=\"1280\" \/>\n\t<meta property=\"og:image:height\" content=\"720\" \/>\n\t<meta property=\"og:image:type\" content=\"image\/png\" \/>\n<meta name=\"author\" content=\"Al-Anon\" \/>\n<meta name=\"twitter:card\" content=\"summary_large_image\" \/>\n<meta name=\"twitter:creator\" content=\"@AlAnon_WSO\" \/>\n<meta name=\"twitter:site\" content=\"@AlAnon_WSO\" \/>\n<meta name=\"twitter:label1\" content=\"Escrito por\" \/>\n\t<meta name=\"twitter:data1\" content=\"Al-Anon\" \/>\n\t<meta name=\"twitter:label2\" content=\"Tiempo de lectura\" \/>\n\t<meta name=\"twitter:data2\" content=\"8 minutos\" \/>\n<script type=\"application\/ld+json\" class=\"yoast-schema-graph\">{\"@context\":\"https:\\\/\\\/schema.org\",\"@graph\":[{\"@type\":\"Article\",\"@id\":\"https:\\\/\\\/al-anon.org\\\/es\\\/blog\\\/cuando-decidi-que-la-vida-no-valia-la-pena\\\/#article\",\"isPartOf\":{\"@id\":\"https:\\\/\\\/al-anon.org\\\/es\\\/blog\\\/cuando-decidi-que-la-vida-no-valia-la-pena\\\/\"},\"author\":{\"name\":\"Al-Anon\",\"@id\":\"https:\\\/\\\/al-anon.org\\\/es\\\/#\\\/schema\\\/person\\\/4c738d298d104a4b8e5d9b96b6be643a\"},\"headline\":\"Cuando decid\u00ed que la vida no val\u00eda la pena\",\"datePublished\":\"2022-09-10T14:01:47+00:00\",\"dateModified\":\"2022-09-10T14:01:50+00:00\",\"mainEntityOfPage\":{\"@id\":\"https:\\\/\\\/al-anon.org\\\/es\\\/blog\\\/cuando-decidi-que-la-vida-no-valia-la-pena\\\/\"},\"wordCount\":3423,\"commentCount\":0,\"publisher\":{\"@id\":\"https:\\\/\\\/al-anon.org\\\/es\\\/#organization\"},\"image\":{\"@id\":\"https:\\\/\\\/al-anon.org\\\/es\\\/blog\\\/cuando-decidi-que-la-vida-no-valia-la-pena\\\/#primaryimage\"},\"thumbnailUrl\":\"https:\\\/\\\/al-anon.org\\\/wp-content\\\/uploads\\\/Life-not-worth-living-SPRING2022-SP6-YT-THMB.png\",\"keywords\":[\"Alcoholismo\",\"Depresi\u00f3n\",\"Reci\u00e9n llegados\",\"Salud mental\",\"Suicidio\"],\"articleSection\":[\"Para adolescentes (Alateen)\",\"Para amigos alcoh\u00f3licos\",\"Para c\u00f3nyuges y parejas alcoh\u00f3licos\",\"Para hermanos alcoh\u00f3licos\",\"Para hijos alcoh\u00f3licos\",\"Para nietos\",\"Para padres alcoh\u00f3licos\"],\"inLanguage\":\"es\",\"potentialAction\":[{\"@type\":\"CommentAction\",\"name\":\"Comment\",\"target\":[\"https:\\\/\\\/al-anon.org\\\/es\\\/blog\\\/cuando-decidi-que-la-vida-no-valia-la-pena\\\/#respond\"]}]},{\"@type\":\"WebPage\",\"@id\":\"https:\\\/\\\/al-anon.org\\\/es\\\/blog\\\/cuando-decidi-que-la-vida-no-valia-la-pena\\\/\",\"url\":\"https:\\\/\\\/al-anon.org\\\/es\\\/blog\\\/cuando-decidi-que-la-vida-no-valia-la-pena\\\/\",\"name\":\"Cuando decid\u00ed que la vida no val\u00eda la pena - Al-Anon Family Groups\",\"isPartOf\":{\"@id\":\"https:\\\/\\\/al-anon.org\\\/es\\\/#website\"},\"primaryImageOfPage\":{\"@id\":\"https:\\\/\\\/al-anon.org\\\/es\\\/blog\\\/cuando-decidi-que-la-vida-no-valia-la-pena\\\/#primaryimage\"},\"image\":{\"@id\":\"https:\\\/\\\/al-anon.org\\\/es\\\/blog\\\/cuando-decidi-que-la-vida-no-valia-la-pena\\\/#primaryimage\"},\"thumbnailUrl\":\"https:\\\/\\\/al-anon.org\\\/wp-content\\\/uploads\\\/Life-not-worth-living-SPRING2022-SP6-YT-THMB.png\",\"datePublished\":\"2022-09-10T14:01:47+00:00\",\"dateModified\":\"2022-09-10T14:01:50+00:00\",\"description\":\"En este v\u00eddeo, Magdalena, un miembro an\u00f3nimo de Al\u2011Anon, comparte la desesperaci\u00f3n que sinti\u00f3 al provenir de una familia gravemente afectada por el alcoholismo.\",\"inLanguage\":\"es\",\"potentialAction\":[{\"@type\":\"ReadAction\",\"target\":[\"https:\\\/\\\/al-anon.org\\\/es\\\/blog\\\/cuando-decidi-que-la-vida-no-valia-la-pena\\\/\"]}]},{\"@type\":\"ImageObject\",\"inLanguage\":\"es\",\"@id\":\"https:\\\/\\\/al-anon.org\\\/es\\\/blog\\\/cuando-decidi-que-la-vida-no-valia-la-pena\\\/#primaryimage\",\"url\":\"https:\\\/\\\/al-anon.org\\\/wp-content\\\/uploads\\\/Life-not-worth-living-SPRING2022-SP6-YT-THMB.png\",\"contentUrl\":\"https:\\\/\\\/al-anon.org\\\/wp-content\\\/uploads\\\/Life-not-worth-living-SPRING2022-SP6-YT-THMB.png\",\"width\":1280,\"height\":720,\"caption\":\"Cuando decid\u00ed que la vida no val\u00eda la pena, record\u00e9 a mi terapista y su recomendaci\u00f3n de Al\u00ad\u2011Anon\"},{\"@type\":\"WebSite\",\"@id\":\"https:\\\/\\\/al-anon.org\\\/es\\\/#website\",\"url\":\"https:\\\/\\\/al-anon.org\\\/es\\\/\",\"name\":\"Al-Anon Family Groups\",\"description\":\"Help and hope for families and friends of alcoholics\",\"publisher\":{\"@id\":\"https:\\\/\\\/al-anon.org\\\/es\\\/#organization\"},\"potentialAction\":[{\"@type\":\"SearchAction\",\"target\":{\"@type\":\"EntryPoint\",\"urlTemplate\":\"https:\\\/\\\/al-anon.org\\\/es\\\/?s={search_term_string}\"},\"query-input\":{\"@type\":\"PropertyValueSpecification\",\"valueRequired\":true,\"valueName\":\"search_term_string\"}}],\"inLanguage\":\"es\"},{\"@type\":\"Organization\",\"@id\":\"https:\\\/\\\/al-anon.org\\\/es\\\/#organization\",\"name\":\"Al-Anon Family Group Headquarters, Inc.\",\"url\":\"https:\\\/\\\/al-anon.org\\\/es\\\/\",\"logo\":{\"@type\":\"ImageObject\",\"inLanguage\":\"es\",\"@id\":\"https:\\\/\\\/al-anon.org\\\/es\\\/#\\\/schema\\\/logo\\\/image\\\/\",\"url\":\"https:\\\/\\\/al-anon.org\\\/wp-content\\\/uploads\\\/2017\\\/04\\\/AFGlogo-e1492189694634.jpg\",\"contentUrl\":\"https:\\\/\\\/al-anon.org\\\/wp-content\\\/uploads\\\/2017\\\/04\\\/AFGlogo-e1492189694634.jpg\",\"width\":167,\"height\":50,\"caption\":\"Al-Anon Family Group Headquarters, Inc.\"},\"image\":{\"@id\":\"https:\\\/\\\/al-anon.org\\\/es\\\/#\\\/schema\\\/logo\\\/image\\\/\"},\"sameAs\":[\"http:\\\/\\\/www.facebook.com\\\/AlAnonFamilyGroupsWSO\",\"https:\\\/\\\/x.com\\\/AlAnon_WSO\",\"http:\\\/\\\/www.instagram.com\\\/alanon_wso\",\"https:\\\/\\\/www.linkedin.com\\\/company\\\/al-anon-wso\\\/\",\"https:\\\/\\\/www.youtube.com\\\/user\\\/AlAnonFamilyGroupHQ\\\/\"]},{\"@type\":\"Person\",\"@id\":\"https:\\\/\\\/al-anon.org\\\/es\\\/#\\\/schema\\\/person\\\/4c738d298d104a4b8e5d9b96b6be643a\",\"name\":\"Al-Anon\"}]}<\/script>\n<!-- \/ Yoast SEO plugin. -->","yoast_head_json":{"title":"Cuando decid\u00ed que la vida no val\u00eda la pena - Al-Anon Family Groups","description":"En este v\u00eddeo, Magdalena, un miembro an\u00f3nimo de Al\u2011Anon, comparte la desesperaci\u00f3n que sinti\u00f3 al provenir de una familia gravemente afectada por el alcoholismo.","robots":{"index":"index","follow":"follow","max-snippet":"max-snippet:-1","max-image-preview":"max-image-preview:large","max-video-preview":"max-video-preview:-1"},"canonical":"https:\/\/al-anon.org\/es\/blog\/cuando-decidi-que-la-vida-no-valia-la-pena\/","og_locale":"es_ES","og_type":"article","og_title":"Cuando decid\u00ed que la vida no val\u00eda la pena - Al-Anon Family Groups","og_description":"En este v\u00eddeo, Magdalena, un miembro an\u00f3nimo de Al\u2011Anon, comparte la desesperaci\u00f3n que sinti\u00f3 al provenir de una familia gravemente afectada por el alcoholismo.","og_url":"https:\/\/al-anon.org\/es\/blog\/cuando-decidi-que-la-vida-no-valia-la-pena\/","og_site_name":"Al-Anon Family Groups","article_publisher":"http:\/\/www.facebook.com\/AlAnonFamilyGroupsWSO","article_published_time":"2022-09-10T14:01:47+00:00","article_modified_time":"2022-09-10T14:01:50+00:00","og_image":[{"width":1280,"height":720,"url":"https:\/\/al-anon.org\/wp-content\/uploads\/Life-not-worth-living-SPRING2022-SP6-YT-THMB.png","type":"image\/png"}],"author":"Al-Anon","twitter_card":"summary_large_image","twitter_creator":"@AlAnon_WSO","twitter_site":"@AlAnon_WSO","twitter_misc":{"Escrito por":"Al-Anon","Tiempo de lectura":"8 minutos"},"schema":{"@context":"https:\/\/schema.org","@graph":[{"@type":"Article","@id":"https:\/\/al-anon.org\/es\/blog\/cuando-decidi-que-la-vida-no-valia-la-pena\/#article","isPartOf":{"@id":"https:\/\/al-anon.org\/es\/blog\/cuando-decidi-que-la-vida-no-valia-la-pena\/"},"author":{"name":"Al-Anon","@id":"https:\/\/al-anon.org\/es\/#\/schema\/person\/4c738d298d104a4b8e5d9b96b6be643a"},"headline":"Cuando decid\u00ed que la vida no val\u00eda la pena","datePublished":"2022-09-10T14:01:47+00:00","dateModified":"2022-09-10T14:01:50+00:00","mainEntityOfPage":{"@id":"https:\/\/al-anon.org\/es\/blog\/cuando-decidi-que-la-vida-no-valia-la-pena\/"},"wordCount":3423,"commentCount":0,"publisher":{"@id":"https:\/\/al-anon.org\/es\/#organization"},"image":{"@id":"https:\/\/al-anon.org\/es\/blog\/cuando-decidi-que-la-vida-no-valia-la-pena\/#primaryimage"},"thumbnailUrl":"https:\/\/al-anon.org\/wp-content\/uploads\/Life-not-worth-living-SPRING2022-SP6-YT-THMB.png","keywords":["Alcoholismo","Depresi\u00f3n","Reci\u00e9n llegados","Salud mental","Suicidio"],"articleSection":["Para adolescentes (Alateen)","Para amigos alcoh\u00f3licos","Para c\u00f3nyuges y parejas alcoh\u00f3licos","Para hermanos alcoh\u00f3licos","Para hijos alcoh\u00f3licos","Para nietos","Para padres alcoh\u00f3licos"],"inLanguage":"es","potentialAction":[{"@type":"CommentAction","name":"Comment","target":["https:\/\/al-anon.org\/es\/blog\/cuando-decidi-que-la-vida-no-valia-la-pena\/#respond"]}]},{"@type":"WebPage","@id":"https:\/\/al-anon.org\/es\/blog\/cuando-decidi-que-la-vida-no-valia-la-pena\/","url":"https:\/\/al-anon.org\/es\/blog\/cuando-decidi-que-la-vida-no-valia-la-pena\/","name":"Cuando decid\u00ed que la vida no val\u00eda la pena - Al-Anon Family Groups","isPartOf":{"@id":"https:\/\/al-anon.org\/es\/#website"},"primaryImageOfPage":{"@id":"https:\/\/al-anon.org\/es\/blog\/cuando-decidi-que-la-vida-no-valia-la-pena\/#primaryimage"},"image":{"@id":"https:\/\/al-anon.org\/es\/blog\/cuando-decidi-que-la-vida-no-valia-la-pena\/#primaryimage"},"thumbnailUrl":"https:\/\/al-anon.org\/wp-content\/uploads\/Life-not-worth-living-SPRING2022-SP6-YT-THMB.png","datePublished":"2022-09-10T14:01:47+00:00","dateModified":"2022-09-10T14:01:50+00:00","description":"En este v\u00eddeo, Magdalena, un miembro an\u00f3nimo de Al\u2011Anon, comparte la desesperaci\u00f3n que sinti\u00f3 al provenir de una familia gravemente afectada por el alcoholismo.","inLanguage":"es","potentialAction":[{"@type":"ReadAction","target":["https:\/\/al-anon.org\/es\/blog\/cuando-decidi-que-la-vida-no-valia-la-pena\/"]}]},{"@type":"ImageObject","inLanguage":"es","@id":"https:\/\/al-anon.org\/es\/blog\/cuando-decidi-que-la-vida-no-valia-la-pena\/#primaryimage","url":"https:\/\/al-anon.org\/wp-content\/uploads\/Life-not-worth-living-SPRING2022-SP6-YT-THMB.png","contentUrl":"https:\/\/al-anon.org\/wp-content\/uploads\/Life-not-worth-living-SPRING2022-SP6-YT-THMB.png","width":1280,"height":720,"caption":"Cuando decid\u00ed que la vida no val\u00eda la pena, record\u00e9 a mi terapista y su recomendaci\u00f3n de Al\u00ad\u2011Anon"},{"@type":"WebSite","@id":"https:\/\/al-anon.org\/es\/#website","url":"https:\/\/al-anon.org\/es\/","name":"Al-Anon Family Groups","description":"Help and hope for families and friends of alcoholics","publisher":{"@id":"https:\/\/al-anon.org\/es\/#organization"},"potentialAction":[{"@type":"SearchAction","target":{"@type":"EntryPoint","urlTemplate":"https:\/\/al-anon.org\/es\/?s={search_term_string}"},"query-input":{"@type":"PropertyValueSpecification","valueRequired":true,"valueName":"search_term_string"}}],"inLanguage":"es"},{"@type":"Organization","@id":"https:\/\/al-anon.org\/es\/#organization","name":"Al-Anon Family Group Headquarters, Inc.","url":"https:\/\/al-anon.org\/es\/","logo":{"@type":"ImageObject","inLanguage":"es","@id":"https:\/\/al-anon.org\/es\/#\/schema\/logo\/image\/","url":"https:\/\/al-anon.org\/wp-content\/uploads\/2017\/04\/AFGlogo-e1492189694634.jpg","contentUrl":"https:\/\/al-anon.org\/wp-content\/uploads\/2017\/04\/AFGlogo-e1492189694634.jpg","width":167,"height":50,"caption":"Al-Anon Family Group Headquarters, Inc."},"image":{"@id":"https:\/\/al-anon.org\/es\/#\/schema\/logo\/image\/"},"sameAs":["http:\/\/www.facebook.com\/AlAnonFamilyGroupsWSO","https:\/\/x.com\/AlAnon_WSO","http:\/\/www.instagram.com\/alanon_wso","https:\/\/www.linkedin.com\/company\/al-anon-wso\/","https:\/\/www.youtube.com\/user\/AlAnonFamilyGroupHQ\/"]},{"@type":"Person","@id":"https:\/\/al-anon.org\/es\/#\/schema\/person\/4c738d298d104a4b8e5d9b96b6be643a","name":"Al-Anon"}]}},"_links":{"self":[{"href":"https:\/\/al-anon.org\/es\/wp-json\/wp\/v2\/posts\/37432","targetHints":{"allow":["GET"]}}],"collection":[{"href":"https:\/\/al-anon.org\/es\/wp-json\/wp\/v2\/posts"}],"about":[{"href":"https:\/\/al-anon.org\/es\/wp-json\/wp\/v2\/types\/post"}],"author":[{"embeddable":true,"href":"https:\/\/al-anon.org\/es\/wp-json\/wp\/v2\/users\/36"}],"replies":[{"embeddable":true,"href":"https:\/\/al-anon.org\/es\/wp-json\/wp\/v2\/comments?post=37432"}],"version-history":[{"count":4,"href":"https:\/\/al-anon.org\/es\/wp-json\/wp\/v2\/posts\/37432\/revisions"}],"predecessor-version":[{"id":37439,"href":"https:\/\/al-anon.org\/es\/wp-json\/wp\/v2\/posts\/37432\/revisions\/37439"}],"wp:featuredmedia":[{"embeddable":true,"href":"https:\/\/al-anon.org\/es\/wp-json\/wp\/v2\/media\/37436"}],"wp:attachment":[{"href":"https:\/\/al-anon.org\/es\/wp-json\/wp\/v2\/media?parent=37432"}],"wp:term":[{"taxonomy":"category","embeddable":true,"href":"https:\/\/al-anon.org\/es\/wp-json\/wp\/v2\/categories?post=37432"},{"taxonomy":"post_tag","embeddable":true,"href":"https:\/\/al-anon.org\/es\/wp-json\/wp\/v2\/tags?post=37432"}],"curies":[{"name":"wp","href":"https:\/\/api.w.org\/{rel}","templated":true}]}}